{"id":3278,"date":"2017-09-30T21:09:51","date_gmt":"2017-09-30T20:09:51","guid":{"rendered":"http:\/\/www.skelleftejazz.se\/?p=3278"},"modified":"2017-10-02T17:14:34","modified_gmt":"2017-10-02T16:14:34","slug":"lordag-2017-10-07-kl-1300-alvy-elisabeth-kontomanou","status":"publish","type":"post","link":"https:\/\/www.skelleftejazz.se\/?p=3278","title":{"rendered":"L\u00f6rdag\u00a02017-10-07 kl 13:00 \u00c4lvy.\u00a0Elisabeth Kontomanou"},"content":{"rendered":"<p>F\u00e5r vi presentera Elisabeth Kontomanou, s\u00e5ngerska fr\u00e5n Frankrike, f\u00f6dd i Lyon 1961.Sist\u00a0&#8221;Queen&#8221;\u00a0Elisabeth var i V\u00e4sterbotten var p\u00e5 Ume\u00e5 Jazzfestival\u00a0 f\u00f6r n\u00e5gra \u00e5r sedan. D\u00e5 ackompanjerad av sin son gitarristen\u00a0Joey Belmondo.<\/p>\n<div id=\"attachment_3225\" class=\"wp-caption alignleft\">\n<p><a href=\"https:\/\/www.skelleftejazz.se\/wp-content\/uploads\/2017\/07\/elisabet.jpg\"><img loading=\"lazy\" decoding=\"async\" class=\"wp-image-3225 size-medium\" src=\"https:\/\/www.skelleftejazz.se\/wp-content\/uploads\/2017\/07\/elisabet-300x200.jpg\" sizes=\"auto, (max-width: 300px) 100vw, 300px\" srcset=\"https:\/\/www.skelleftejazz.se\/wp-content\/uploads\/2017\/07\/elisabet-300x200.jpg 300w, https:\/\/www.skelleftejazz.se\/wp-content\/uploads\/2017\/07\/elisabet.jpg 600w\" alt=\"\" width=\"300\" height=\"200\" \/><\/a><\/p>\n<p class=\"wp-caption-text\">Elisabeth Kontomanou<\/p>\n<\/div>\n<p>Hon har turnerat i Frankrike, bott 10 \u00e5r i New York d\u00e4r hon sjungit p\u00e5 flera av stadens k\u00e4nda jazzklubbar som Blue Note, Village Vanguard, Sweet Basil och the Knitting Factory, Nu \u00e4r Elisabeth sedan n\u00e5gra \u00e5r bosatt i Sverige.<\/p>\n<p>I bandet som f\u00f6ljer med\u00a0\u00e5terfinns Anders Ekholm \u2013 tenorsax, Pelle Karlstr\u00f6m \u2013 piano, Janne &#8221;Br\u00e4nnvinskungen&#8221; Kullhammar \u2013 trummor, Tommy Skotte \u2013 bas.<\/p>\n<p>Hur det kan l\u00e5ta? S\u00e5 h\u00e4r\u2013&gt;\u00a0<a href=\"https:\/\/www.youtube.com\/watch?v=SrEl6kVMkIE\" target=\"_blank\" rel=\"noopener noreferrer\">Youtube<\/a><\/p>\n<p>Betr\u00e4ffande &#8221;Br\u00e4nnvinskungen&#8221; Janne Kullhammar kan du l\u00e4sa mer h\u00e4r:\u00a0<a href=\"http:\/\/www.jannekullhammar.se\/\" target=\"_blank\" rel=\"noopener\">http:\/\/www.jannekullhammar.se\/<\/a><\/p>\n","protected":false},"excerpt":{"rendered":"<p>F\u00e5r vi presentera Elisabeth Kontomanou, s\u00e5ngerska fr\u00e5n Frankrike, f\u00f6dd i Lyon 1961.Sist\u00a0&#8221;Queen&#8221;\u00a0Elisabeth var i V\u00e4sterbotten var p\u00e5 Ume\u00e5 Jazzfestival\u00a0 f\u00f6r n\u00e5gra \u00e5r sedan. D\u00e5 ackompanjerad av sin son gitarristen\u00a0Joey Belmondo. Elisabeth Kontomanou Hon har turnerat i Frankrike, bott 10 \u00e5r i New York d\u00e4r hon sjungit p\u00e5 flera av stadens k\u00e4nda jazzklubbar som Blue Note,&hellip; <a href=\"https:\/\/www.skelleftejazz.se\/?p=3278\" class=\"read-more\">Forts\u00e4tt l\u00e4sa L\u00f6rdag\u00a02017-10-07 kl 13:00 \u00c4lvy.\u00a0Elisabeth Kontomanou<\/a><\/p>\n","protected":false},"author":1,"featured_media":0,"comment_status":"closed","ping_status":"open","sticky":false,"template":"","format":"standard","meta":{"footnotes":""},"categories":[4],"tags":[],"class_list":["post-3278","post","type-post","status-publish","format-standard","hentry","category-uncategorized-2"],"_links":{"self":[{"href":"https:\/\/www.skelleftejazz.se\/index.php?rest_route=\/wp\/v2\/posts\/3278","targetHints":{"allow":["GET"]}}],"collection":[{"href":"https:\/\/www.skelleftejazz.se\/index.php?rest_route=\/wp\/v2\/posts"}],"about":[{"href":"https:\/\/www.skelleftejazz.se\/index.php?rest_route=\/wp\/v2\/types\/post"}],"author":[{"embeddable":true,"href":"https:\/\/www.skelleftejazz.se\/index.php?rest_route=\/wp\/v2\/users\/1"}],"replies":[{"embeddable":true,"href":"https:\/\/www.skelleftejazz.se\/index.php?rest_route=%2Fwp%2Fv2%2Fcomments&post=3278"}],"version-history":[{"count":5,"href":"https:\/\/www.skelleftejazz.se\/index.php?rest_route=\/wp\/v2\/posts\/3278\/revisions"}],"predecessor-version":[{"id":3283,"href":"https:\/\/www.skelleftejazz.se\/index.php?rest_route=\/wp\/v2\/posts\/3278\/revisions\/3283"}],"wp:attachment":[{"href":"https:\/\/www.skelleftejazz.se\/index.php?rest_route=%2Fwp%2Fv2%2Fmedia&parent=3278"}],"wp:term":[{"taxonomy":"category","embeddable":true,"href":"https:\/\/www.skelleftejazz.se\/index.php?rest_route=%2Fwp%2Fv2%2Fcategories&post=3278"},{"taxonomy":"post_tag","embeddable":true,"href":"https:\/\/www.skelleftejazz.se\/index.php?rest_route=%2Fwp%2Fv2%2Ftags&post=3278"}],"curies":[{"name":"wp","href":"https:\/\/api.w.org\/{rel}","templated":true}]}}