{"id":3273,"date":"2017-09-16T22:24:25","date_gmt":"2017-09-16T21:24:25","guid":{"rendered":"http:\/\/www.skelleftejazz.se\/?p=3273"},"modified":"2017-09-22T17:10:37","modified_gmt":"2017-09-22T16:10:37","slug":"lordag-2017-09-30-kl-1300-alvy-vart-forsta-jazzkafe-henriksson-band","status":"publish","type":"post","link":"https:\/\/www.skelleftejazz.se\/?p=3273","title":{"rendered":"L\u00f6rdag\u00a02017-09-30 kl 13:00 \u00c4lvy. V\u00e5rt f\u00f6rsta jazzkaf\u00e9. Henriksson band."},"content":{"rendered":"<figure id=\"attachment_3274\" aria-describedby=\"caption-attachment-3274\" style=\"width: 394px\" class=\"wp-caption alignleft\"><a href=\"https:\/\/www.skelleftejazz.se\/wp-content\/uploads\/2017\/09\/ho.jpg\"><img loading=\"lazy\" decoding=\"async\" class=\"size-full wp-image-3274\" src=\"https:\/\/www.skelleftejazz.se\/wp-content\/uploads\/2017\/09\/ho.jpg\" alt=\"\" width=\"394\" height=\"604\" srcset=\"https:\/\/www.skelleftejazz.se\/wp-content\/uploads\/2017\/09\/ho.jpg 394w, https:\/\/www.skelleftejazz.se\/wp-content\/uploads\/2017\/09\/ho-196x300.jpg 196w\" sizes=\"auto, (max-width: 394px) 100vw, 394px\" \/><\/a><figcaption id=\"caption-attachment-3274\" class=\"wp-caption-text\">Hans-Olov Henriksson<\/figcaption><\/figure>\n<p>Hans-Olov \u00e4r en gitarrist och s\u00e5ngare med Skellefte\u00e5r\u00f6tter men har jobbat som musikl\u00e4rare i V\u00e4nn\u00e4s i ett tidigare liv. Numera friherre och musiker i diverse olika genres. \u00a0Vi utf\u00e4rdar en allm\u00e4n varning f\u00f6r sv\u00e4ng. Hans Olov Henriksson \u2013 gitarr \u00e5 s\u00e5ng, Tomas Olsson \u2013 piano, Petri Kivim\u00e4ki \u2013 saxofon,\u00a0Peter Sigfridsson \u2013 trummor och Arne Eriksson \u2013 kontrabas. Trygga norrl\u00e4ndska musiker fr\u00e5n s\u00f6dra delarna av l\u00e4net.<\/p>\n<p>OBS! F\u00f6r medlemmar\u00a0och ungdomar \u00e4r det FRI ENTR\u00c8 denna dag! \u00d6vriga 150.-<\/p>\n","protected":false},"excerpt":{"rendered":"<p>Hans-Olov \u00e4r en gitarrist och s\u00e5ngare med Skellefte\u00e5r\u00f6tter men har jobbat som musikl\u00e4rare i V\u00e4nn\u00e4s i ett tidigare liv. Numera friherre och musiker i diverse olika genres. \u00a0Vi utf\u00e4rdar en allm\u00e4n varning f\u00f6r sv\u00e4ng. Hans Olov Henriksson \u2013 gitarr \u00e5 s\u00e5ng, Tomas Olsson \u2013 piano, Petri Kivim\u00e4ki \u2013 saxofon,\u00a0Peter Sigfridsson \u2013 trummor och Arne Eriksson&hellip; <a href=\"https:\/\/www.skelleftejazz.se\/?p=3273\" class=\"read-more\">Forts\u00e4tt l\u00e4sa L\u00f6rdag\u00a02017-09-30 kl 13:00 \u00c4lvy. V\u00e5rt f\u00f6rsta jazzkaf\u00e9. Henriksson band.<\/a><\/p>\n","protected":false},"author":1,"featured_media":0,"comment_status":"closed","ping_status":"open","sticky":false,"template":"","format":"standard","meta":{"footnotes":""},"categories":[4],"tags":[],"class_list":["post-3273","post","type-post","status-publish","format-standard","hentry","category-uncategorized-2"],"_links":{"self":[{"href":"https:\/\/www.skelleftejazz.se\/index.php?rest_route=\/wp\/v2\/posts\/3273","targetHints":{"allow":["GET"]}}],"collection":[{"href":"https:\/\/www.skelleftejazz.se\/index.php?rest_route=\/wp\/v2\/posts"}],"about":[{"href":"https:\/\/www.skelleftejazz.se\/index.php?rest_route=\/wp\/v2\/types\/post"}],"author":[{"embeddable":true,"href":"https:\/\/www.skelleftejazz.se\/index.php?rest_route=\/wp\/v2\/users\/1"}],"replies":[{"embeddable":true,"href":"https:\/\/www.skelleftejazz.se\/index.php?rest_route=%2Fwp%2Fv2%2Fcomments&post=3273"}],"version-history":[{"count":2,"href":"https:\/\/www.skelleftejazz.se\/index.php?rest_route=\/wp\/v2\/posts\/3273\/revisions"}],"predecessor-version":[{"id":3276,"href":"https:\/\/www.skelleftejazz.se\/index.php?rest_route=\/wp\/v2\/posts\/3273\/revisions\/3276"}],"wp:attachment":[{"href":"https:\/\/www.skelleftejazz.se\/index.php?rest_route=%2Fwp%2Fv2%2Fmedia&parent=3273"}],"wp:term":[{"taxonomy":"category","embeddable":true,"href":"https:\/\/www.skelleftejazz.se\/index.php?rest_route=%2Fwp%2Fv2%2Fcategories&post=3273"},{"taxonomy":"post_tag","embeddable":true,"href":"https:\/\/www.skelleftejazz.se\/index.php?rest_route=%2Fwp%2Fv2%2Ftags&post=3273"}],"curies":[{"name":"wp","href":"https:\/\/api.w.org\/{rel}","templated":true}]}}