{"id":3235,"date":"2017-07-12T20:01:37","date_gmt":"2017-07-12T19:01:37","guid":{"rendered":"http:\/\/www.skelleftejazz.se\/?p=3235"},"modified":"2017-07-12T20:06:04","modified_gmt":"2017-07-12T19:06:04","slug":"jazzresa-i-usa","status":"publish","type":"post","link":"https:\/\/www.skelleftejazz.se\/?p=3235","title":{"rendered":"Jazzresa i USA!"},"content":{"rendered":"<p>Hej Jazzv\u00e4nner! H\u00e4r kommer ett f\u00f6rslag fr\u00e5n v\u00e5r medlem Tomas Lundstr\u00f6m:<br \/>\nJag(Tomas) och min fru Christina gjorde en fantastisk musikresa genom amerikanska\u00a0 s\u00f6dern\u00a0 v\u00e5ren 2015. Nu t\u00e4nkte vi f\u00f6rs\u00f6ka g\u00f6ra om den resan\u00a0 h\u00f6sten 2018 avresa 26\/9 till Nashville . Hemresa 14\/10 fr\u00e5n New Orleans. Finns 8 platser kvar av totalt 12st och vi skulle g\u00e4rna vilja ha med n\u00e5gra fler Skelleftebor.<\/p>\n<p>Bifogar programmet f\u00f6r 2017 blir i stort sett detsamma 2018. Hotell, biljetter till museum och konserter\u00a0 samt mat enligt bifogat program fr\u00e5n researrang\u00f6ren ing\u00e5r. En fantastisk musikkulturupplevelse. Klicka h\u00e4r&#8211;&gt;\u00a0<a href=\"https:\/\/www.skelleftejazz.se\/wp-content\/uploads\/2017\/07\/Musikens-USA-2017.pdf\">Musikens USA 2017<\/a><\/p>\n<p>Kontakta mig om intresse finns (f\u00f6rst till kvarn) eftersom flyg, hotell och konsertbiljetter m\u00e5ste bokas r\u00e4tt l\u00e5ngt i f\u00f6rv\u00e4g.\u201d<\/p>\n<p>Med v\u00e4nlig h\u00e4lsning<br \/>\nTomas Lundstr\u00f6m<\/p>\n<p>070-6758138<br \/>\nE-mail:\u00a0<a href=\"mailto:tl.anl@punkt.se\">tl.anl@punkt.se<\/a><\/p>\n","protected":false},"excerpt":{"rendered":"<p>Hej Jazzv\u00e4nner! H\u00e4r kommer ett f\u00f6rslag fr\u00e5n v\u00e5r medlem Tomas Lundstr\u00f6m: Jag(Tomas) och min fru Christina gjorde en fantastisk musikresa genom amerikanska\u00a0 s\u00f6dern\u00a0 v\u00e5ren 2015. Nu t\u00e4nkte vi f\u00f6rs\u00f6ka g\u00f6ra om den resan\u00a0 h\u00f6sten 2018 avresa 26\/9 till Nashville . Hemresa 14\/10 fr\u00e5n New Orleans. Finns 8 platser kvar av totalt 12st och vi skulle&hellip; <a href=\"https:\/\/www.skelleftejazz.se\/?p=3235\" class=\"read-more\">Forts\u00e4tt l\u00e4sa Jazzresa i USA!<\/a><\/p>\n","protected":false},"author":1,"featured_media":0,"comment_status":"closed","ping_status":"open","sticky":false,"template":"","format":"standard","meta":{"footnotes":""},"categories":[4],"tags":[],"class_list":["post-3235","post","type-post","status-publish","format-standard","hentry","category-uncategorized-2"],"_links":{"self":[{"href":"https:\/\/www.skelleftejazz.se\/index.php?rest_route=\/wp\/v2\/posts\/3235","targetHints":{"allow":["GET"]}}],"collection":[{"href":"https:\/\/www.skelleftejazz.se\/index.php?rest_route=\/wp\/v2\/posts"}],"about":[{"href":"https:\/\/www.skelleftejazz.se\/index.php?rest_route=\/wp\/v2\/types\/post"}],"author":[{"embeddable":true,"href":"https:\/\/www.skelleftejazz.se\/index.php?rest_route=\/wp\/v2\/users\/1"}],"replies":[{"embeddable":true,"href":"https:\/\/www.skelleftejazz.se\/index.php?rest_route=%2Fwp%2Fv2%2Fcomments&post=3235"}],"version-history":[{"count":3,"href":"https:\/\/www.skelleftejazz.se\/index.php?rest_route=\/wp\/v2\/posts\/3235\/revisions"}],"predecessor-version":[{"id":3240,"href":"https:\/\/www.skelleftejazz.se\/index.php?rest_route=\/wp\/v2\/posts\/3235\/revisions\/3240"}],"wp:attachment":[{"href":"https:\/\/www.skelleftejazz.se\/index.php?rest_route=%2Fwp%2Fv2%2Fmedia&parent=3235"}],"wp:term":[{"taxonomy":"category","embeddable":true,"href":"https:\/\/www.skelleftejazz.se\/index.php?rest_route=%2Fwp%2Fv2%2Fcategories&post=3235"},{"taxonomy":"post_tag","embeddable":true,"href":"https:\/\/www.skelleftejazz.se\/index.php?rest_route=%2Fwp%2Fv2%2Ftags&post=3235"}],"curies":[{"name":"wp","href":"https:\/\/api.w.org\/{rel}","templated":true}]}}