{"id":3154,"date":"2017-08-09T22:24:53","date_gmt":"2017-08-09T21:24:53","guid":{"rendered":"http:\/\/www.skelleftejazz.se\/?p=3154"},"modified":"2017-08-24T20:37:42","modified_gmt":"2017-08-24T19:37:42","slug":"slut-for-i-var-vi-ater-kommer-kanske-redan-i-augusti","status":"publish","type":"post","link":"https:\/\/www.skelleftejazz.se\/?p=3154","title":{"rendered":"Torsdagsmusik i Nordan\u00e5parken.  17, 24 och 31 augusti."},"content":{"rendered":"<p>P\u00e5 sommarteaterns scen blir det musik tre torsdagar i rad i augusti.<br \/>\n<span style=\"font-size: 1.5rem;\">Torsdag 17 augusti kl 18:00 Peter Fj\u00e4llstr\u00f6m, Mia Sommar och M\u00e4sterskapet<br \/>\n<\/span><span style=\"font-size: 1.5rem;\">Torsdag 24 augusti kl 18:00 Trio KaTjinG. Kicki Enqvist &#8211; s\u00e5ng Tommy Lakso &#8211; gitarr, Gert Dahlstr\u00f6m &#8211; bas<br \/>\n<\/span>Torsdag 31 augusti kl 18:00 B\u00e4lgadraget som delar kv\u00e4llen med\u00a0Birger Sundstr\u00f6m trio.<\/p>\n<p>Hj\u00e4rtligt v\u00e4lkomna. Bilden nedan \u00e4r fr\u00e5n Ann-Kristin Hedmarks bes\u00f6k h\u00e4rom\u00e5ret. Det blir samma fina v\u00e4der i \u00e5r!<br \/>\nBiljetter kan inte bokas, vi kommer att skicka runt en hatt om n\u00e5gon vill l\u00e4mna ett litet st\u00f6d till Jazzklubben Boston.<a href=\"https:\/\/www.skelleftejazz.se\/wp-content\/uploads\/2017\/04\/IMG_2955.jpg\"><img loading=\"lazy\" decoding=\"async\" class=\"alignright size-large wp-image-3159\" src=\"https:\/\/www.skelleftejazz.se\/wp-content\/uploads\/2017\/04\/IMG_2955-1024x683.jpg\" alt=\"\" width=\"780\" height=\"520\" srcset=\"https:\/\/www.skelleftejazz.se\/wp-content\/uploads\/2017\/04\/IMG_2955-1024x683.jpg 1024w, https:\/\/www.skelleftejazz.se\/wp-content\/uploads\/2017\/04\/IMG_2955-300x200.jpg 300w, https:\/\/www.skelleftejazz.se\/wp-content\/uploads\/2017\/04\/IMG_2955-768x512.jpg 768w\" sizes=\"auto, (max-width: 780px) 100vw, 780px\" \/><\/a><\/p>\n","protected":false},"excerpt":{"rendered":"<p>P\u00e5 sommarteaterns scen blir det musik tre torsdagar i rad i augusti. Torsdag 17 augusti kl 18:00 Peter Fj\u00e4llstr\u00f6m, Mia Sommar och M\u00e4sterskapet Torsdag 24 augusti kl 18:00 Trio KaTjinG. Kicki Enqvist &#8211; s\u00e5ng Tommy Lakso &#8211; gitarr, Gert Dahlstr\u00f6m &#8211; bas Torsdag 31 augusti kl 18:00 B\u00e4lgadraget som delar kv\u00e4llen med\u00a0Birger Sundstr\u00f6m trio. Hj\u00e4rtligt&hellip; <a href=\"https:\/\/www.skelleftejazz.se\/?p=3154\" class=\"read-more\">Forts\u00e4tt l\u00e4sa Torsdagsmusik i Nordan\u00e5parken.  17, 24 och 31 augusti.<\/a><\/p>\n","protected":false},"author":1,"featured_media":0,"comment_status":"closed","ping_status":"open","sticky":false,"template":"","format":"standard","meta":{"footnotes":""},"categories":[4],"tags":[],"class_list":["post-3154","post","type-post","status-publish","format-standard","hentry","category-uncategorized-2"],"_links":{"self":[{"href":"https:\/\/www.skelleftejazz.se\/index.php?rest_route=\/wp\/v2\/posts\/3154","targetHints":{"allow":["GET"]}}],"collection":[{"href":"https:\/\/www.skelleftejazz.se\/index.php?rest_route=\/wp\/v2\/posts"}],"about":[{"href":"https:\/\/www.skelleftejazz.se\/index.php?rest_route=\/wp\/v2\/types\/post"}],"author":[{"embeddable":true,"href":"https:\/\/www.skelleftejazz.se\/index.php?rest_route=\/wp\/v2\/users\/1"}],"replies":[{"embeddable":true,"href":"https:\/\/www.skelleftejazz.se\/index.php?rest_route=%2Fwp%2Fv2%2Fcomments&post=3154"}],"version-history":[{"count":8,"href":"https:\/\/www.skelleftejazz.se\/index.php?rest_route=\/wp\/v2\/posts\/3154\/revisions"}],"predecessor-version":[{"id":3254,"href":"https:\/\/www.skelleftejazz.se\/index.php?rest_route=\/wp\/v2\/posts\/3154\/revisions\/3254"}],"wp:attachment":[{"href":"https:\/\/www.skelleftejazz.se\/index.php?rest_route=%2Fwp%2Fv2%2Fmedia&parent=3154"}],"wp:term":[{"taxonomy":"category","embeddable":true,"href":"https:\/\/www.skelleftejazz.se\/index.php?rest_route=%2Fwp%2Fv2%2Fcategories&post=3154"},{"taxonomy":"post_tag","embeddable":true,"href":"https:\/\/www.skelleftejazz.se\/index.php?rest_route=%2Fwp%2Fv2%2Ftags&post=3154"}],"curies":[{"name":"wp","href":"https:\/\/api.w.org\/{rel}","templated":true}]}}