{"id":3126,"date":"2017-03-19T22:03:23","date_gmt":"2017-03-19T21:03:23","guid":{"rendered":"http:\/\/www.skelleftejazz.se\/?p=3126"},"modified":"2017-04-02T19:02:32","modified_gmt":"2017-04-02T18:02:32","slug":"avslutning-for-varen-dear-ella","status":"publish","type":"post","link":"https:\/\/www.skelleftejazz.se\/?p=3126","title":{"rendered":"Fredag 7 april 18:00 \u00c4lvy. V\u00e5ravslutning &#8221;Dear Ella&#8221;"},"content":{"rendered":"<figure id=\"attachment_3071\" aria-describedby=\"caption-attachment-3071\" style=\"width: 279px\" class=\"wp-caption alignleft\"><a href=\"https:\/\/www.skelleftejazz.se\/wp-content\/uploads\/2016\/12\/dearella.jpg\"><img loading=\"lazy\" decoding=\"async\" class=\"size-medium wp-image-3071\" src=\"https:\/\/www.skelleftejazz.se\/wp-content\/uploads\/2016\/12\/dearella-279x300.jpg\" alt=\"\" width=\"279\" height=\"300\" \/><\/a><figcaption id=\"caption-attachment-3071\" class=\"wp-caption-text\">Vivian Buczek<\/figcaption><\/figure>\n<p><strong>S\u00e4songsavslutning.<\/strong><\/p>\n<p>F\u00f6r de som s\u00e5 \u00f6nskar \u00e4ter vi en v\u00e5rmiddag kl 18:00. C:a 19:00 f\u00e5r vi s\u00e5 lyssna till Vivian Buczeks hyllning till Ella Fitzgerald under rubriken \u201cDear Ella\u201d. Medmusikanter \u00e4r Martin Sj\u00f6stedt \u2013 piano, Niklas Fernqvist \u2013 bas, Johan L\u00f6fcrantz Ramsey \u2013 trummor.<\/p>\n<p>Missa inte Vivians hyllning till sin och m\u00e5nga andras idol, Ella Fitzgerald. En stor s\u00e5ngerska hyllas av en stor s\u00e5ngerska!<\/p>\n<p><strong>OBS! F\u00f6rk\u00f6p g\u00e4ller f\u00f6r middag.<\/strong>\u00a0 Meny:\u00a0\u00d6rtbakad lax m. Skagens\u00e5s &amp; potatis. Kryddmantlad fl\u00e4skkotlett m. peppars\u00e5s &amp; klyftpotatis. Salladsbuff\u00e9,\u00a0Sm\u00f6r &amp; br\u00f6d,\u00a0Kaffe. <strong>Trots vad vi tidigare annonserat finns fortfarande m\u00f6jlighet att boka in sig p\u00e5 middagen.<\/strong><br \/>\nVill man bara lyssna l\u00f6ser man entr\u00e9 vid d\u00f6rren. (Baren \u00e4r \u00f6ppen hela kv\u00e4llen)<\/p>\n<hr \/>\n<p>Pris f\u00f6r att bara lyssna blir priset 100.- resp. 150.- och beh\u00f6ver ej f\u00f6rbokas.<\/p>\n<p>Pris middag: 170.-<\/p>\n","protected":false},"excerpt":{"rendered":"<p>S\u00e4songsavslutning. F\u00f6r de som s\u00e5 \u00f6nskar \u00e4ter vi en v\u00e5rmiddag kl 18:00. C:a 19:00 f\u00e5r vi s\u00e5 lyssna till Vivian Buczeks hyllning till Ella Fitzgerald under rubriken \u201cDear Ella\u201d. Medmusikanter \u00e4r Martin Sj\u00f6stedt \u2013 piano, Niklas Fernqvist \u2013 bas, Johan L\u00f6fcrantz Ramsey \u2013 trummor. Missa inte Vivians hyllning till sin och m\u00e5nga andras idol, Ella&hellip; <a href=\"https:\/\/www.skelleftejazz.se\/?p=3126\" class=\"read-more\">Forts\u00e4tt l\u00e4sa Fredag 7 april 18:00 \u00c4lvy. V\u00e5ravslutning &#8221;Dear Ella&#8221;<\/a><\/p>\n","protected":false},"author":1,"featured_media":0,"comment_status":"closed","ping_status":"open","sticky":false,"template":"","format":"standard","meta":{"footnotes":""},"categories":[4],"tags":[],"class_list":["post-3126","post","type-post","status-publish","format-standard","hentry","category-uncategorized-2"],"_links":{"self":[{"href":"https:\/\/www.skelleftejazz.se\/index.php?rest_route=\/wp\/v2\/posts\/3126","targetHints":{"allow":["GET"]}}],"collection":[{"href":"https:\/\/www.skelleftejazz.se\/index.php?rest_route=\/wp\/v2\/posts"}],"about":[{"href":"https:\/\/www.skelleftejazz.se\/index.php?rest_route=\/wp\/v2\/types\/post"}],"author":[{"embeddable":true,"href":"https:\/\/www.skelleftejazz.se\/index.php?rest_route=\/wp\/v2\/users\/1"}],"replies":[{"embeddable":true,"href":"https:\/\/www.skelleftejazz.se\/index.php?rest_route=%2Fwp%2Fv2%2Fcomments&post=3126"}],"version-history":[{"count":7,"href":"https:\/\/www.skelleftejazz.se\/index.php?rest_route=\/wp\/v2\/posts\/3126\/revisions"}],"predecessor-version":[{"id":3151,"href":"https:\/\/www.skelleftejazz.se\/index.php?rest_route=\/wp\/v2\/posts\/3126\/revisions\/3151"}],"wp:attachment":[{"href":"https:\/\/www.skelleftejazz.se\/index.php?rest_route=%2Fwp%2Fv2%2Fmedia&parent=3126"}],"wp:term":[{"taxonomy":"category","embeddable":true,"href":"https:\/\/www.skelleftejazz.se\/index.php?rest_route=%2Fwp%2Fv2%2Fcategories&post=3126"},{"taxonomy":"post_tag","embeddable":true,"href":"https:\/\/www.skelleftejazz.se\/index.php?rest_route=%2Fwp%2Fv2%2Ftags&post=3126"}],"curies":[{"name":"wp","href":"https:\/\/api.w.org\/{rel}","templated":true}]}}