{"id":3124,"date":"2017-03-19T21:31:45","date_gmt":"2017-03-19T20:31:45","guid":{"rendered":"http:\/\/www.skelleftejazz.se\/?p=3124"},"modified":"2017-03-19T21:32:31","modified_gmt":"2017-03-19T20:32:31","slug":"lordag-25-mars-1300-alvy-mads-mathias-kvartett","status":"publish","type":"post","link":"https:\/\/www.skelleftejazz.se\/?p=3124","title":{"rendered":"L\u00f6rdag 25 mars 13:00 \u00c4lvy. Mads Mathias kvartett"},"content":{"rendered":"<figure id=\"attachment_3064\" aria-describedby=\"caption-attachment-3064\" style=\"width: 300px\" class=\"wp-caption alignleft\"><a href=\"https:\/\/www.skelleftejazz.se\/wp-content\/uploads\/2016\/12\/Pressphoto_Mads_Mathias_14.jpg\"><img loading=\"lazy\" decoding=\"async\" class=\"size-medium wp-image-3064\" src=\"https:\/\/www.skelleftejazz.se\/wp-content\/uploads\/2016\/12\/Pressphoto_Mads_Mathias_14-300x200.jpg\" alt=\"Mads Mathias\" width=\"300\" height=\"200\" srcset=\"https:\/\/www.skelleftejazz.se\/wp-content\/uploads\/2016\/12\/Pressphoto_Mads_Mathias_14-300x200.jpg 300w, https:\/\/www.skelleftejazz.se\/wp-content\/uploads\/2016\/12\/Pressphoto_Mads_Mathias_14-768x511.jpg 768w, https:\/\/www.skelleftejazz.se\/wp-content\/uploads\/2016\/12\/Pressphoto_Mads_Mathias_14-1024x681.jpg 1024w\" sizes=\"auto, (max-width: 300px) 100vw, 300px\" \/><\/a><figcaption id=\"caption-attachment-3064\" class=\"wp-caption-text\">Mads Mathias<\/figcaption><\/figure>\n<p>Mads Mathias \u2013 s\u00e5ng och altsax, Martin Schack\u00a0 \u2013 piano, Morten Ankarfeldt \u2013 kontrabas, Esben Laub \u2013 trummor. Hela bandet kommer fr\u00e5n Danmark och \u00e4r nu p\u00e5 en turn\u00e9 i Norrland.<\/p>\n<p>Vill du lyssna lite finns diverse filmer h\u00e4r:\u00a0<a href=\"http:\/\/madsmathias.com\/videos\/\" target=\"_blank\">http:\/\/madsmathias.com\/videos\/<\/a><\/p>\n<p>Mads \u00e4r b\u00e5de en trevlig s\u00e5ngare och altsaxofonist. Vi \u00e4r glada att f\u00e5 se honom och bandet p\u00e5 bes\u00f6k.\u00a0N\u00e5gra av hans stora inspirationsk\u00e4llor \u00e4r Nat King Cole, Frank Sinatra och Harry Connick Jr.<\/p>\n","protected":false},"excerpt":{"rendered":"<p>Mads Mathias \u2013 s\u00e5ng och altsax, Martin Schack\u00a0 \u2013 piano, Morten Ankarfeldt \u2013 kontrabas, Esben Laub \u2013 trummor. Hela bandet kommer fr\u00e5n Danmark och \u00e4r nu p\u00e5 en turn\u00e9 i Norrland. Vill du lyssna lite finns diverse filmer h\u00e4r:\u00a0http:\/\/madsmathias.com\/videos\/ Mads \u00e4r b\u00e5de en trevlig s\u00e5ngare och altsaxofonist. Vi \u00e4r glada att f\u00e5 se honom och&hellip; <a href=\"https:\/\/www.skelleftejazz.se\/?p=3124\" class=\"read-more\">Forts\u00e4tt l\u00e4sa L\u00f6rdag 25 mars 13:00 \u00c4lvy. Mads Mathias kvartett<\/a><\/p>\n","protected":false},"author":1,"featured_media":0,"comment_status":"closed","ping_status":"open","sticky":false,"template":"","format":"standard","meta":{"footnotes":""},"categories":[4],"tags":[],"class_list":["post-3124","post","type-post","status-publish","format-standard","hentry","category-uncategorized-2"],"_links":{"self":[{"href":"https:\/\/www.skelleftejazz.se\/index.php?rest_route=\/wp\/v2\/posts\/3124","targetHints":{"allow":["GET"]}}],"collection":[{"href":"https:\/\/www.skelleftejazz.se\/index.php?rest_route=\/wp\/v2\/posts"}],"about":[{"href":"https:\/\/www.skelleftejazz.se\/index.php?rest_route=\/wp\/v2\/types\/post"}],"author":[{"embeddable":true,"href":"https:\/\/www.skelleftejazz.se\/index.php?rest_route=\/wp\/v2\/users\/1"}],"replies":[{"embeddable":true,"href":"https:\/\/www.skelleftejazz.se\/index.php?rest_route=%2Fwp%2Fv2%2Fcomments&post=3124"}],"version-history":[{"count":1,"href":"https:\/\/www.skelleftejazz.se\/index.php?rest_route=\/wp\/v2\/posts\/3124\/revisions"}],"predecessor-version":[{"id":3125,"href":"https:\/\/www.skelleftejazz.se\/index.php?rest_route=\/wp\/v2\/posts\/3124\/revisions\/3125"}],"wp:attachment":[{"href":"https:\/\/www.skelleftejazz.se\/index.php?rest_route=%2Fwp%2Fv2%2Fmedia&parent=3124"}],"wp:term":[{"taxonomy":"category","embeddable":true,"href":"https:\/\/www.skelleftejazz.se\/index.php?rest_route=%2Fwp%2Fv2%2Fcategories&post=3124"},{"taxonomy":"post_tag","embeddable":true,"href":"https:\/\/www.skelleftejazz.se\/index.php?rest_route=%2Fwp%2Fv2%2Ftags&post=3124"}],"curies":[{"name":"wp","href":"https:\/\/api.w.org\/{rel}","templated":true}]}}