{"id":3118,"date":"2017-03-11T23:23:14","date_gmt":"2017-03-11T22:23:14","guid":{"rendered":"http:\/\/www.skelleftejazz.se\/?p=3118"},"modified":"2017-03-11T23:23:55","modified_gmt":"2017-03-11T22:23:55","slug":"lordag-18-mars-1300-alvy-peter-fjallstrom-mia-sommar","status":"publish","type":"post","link":"https:\/\/www.skelleftejazz.se\/?p=3118","title":{"rendered":"L\u00f6rdag 18 mars 13:00 \u00c4lvy. Peter Fj\u00e4llstr\u00f6m &#038; Mia Sommar"},"content":{"rendered":"<p>Peter och Mia sjunger. Mattias K\u00e5gstr\u00f6m \u2013 piano, Tobias K\u00e5gstr\u00f6m \u2013 trummor, Andreas Grenholm \u2013 gitarr, Peter L\u00f6wgren \u2013 bas.<\/p>\n<p>Man skall ju inte g\u00e5 \u00f6ver \u00e5n efter vatten. Vi har ett helt g\u00e4ng mycket goda musikanter p\u00e5 hemmaplan och h\u00e4r ett exempel p\u00e5 en konstellation som \u00e4nnu inte sets\/h\u00f6rts p\u00e5 \u00c4lvy. Allt har sin tid och Mia och Peters \u00e4r just denna dag. Det kan sv\u00e4nga ganska s\u00e5 bra om trion bakom ocks\u00e5! Alla \u00e4r garvade musiker som varit med ett tag.<\/p>\n<figure id=\"attachment_3066\" aria-describedby=\"caption-attachment-3066\" style=\"width: 267px\" class=\"wp-caption alignleft\"><a href=\"https:\/\/www.skelleftejazz.se\/wp-content\/uploads\/2016\/12\/mia_o_peter.jpg\"><img loading=\"lazy\" decoding=\"async\" class=\"size-medium wp-image-3066\" src=\"https:\/\/www.skelleftejazz.se\/wp-content\/uploads\/2016\/12\/mia_o_peter-267x300.jpg\" alt=\"\" width=\"267\" height=\"300\" srcset=\"https:\/\/www.skelleftejazz.se\/wp-content\/uploads\/2016\/12\/mia_o_peter-267x300.jpg 267w, https:\/\/www.skelleftejazz.se\/wp-content\/uploads\/2016\/12\/mia_o_peter.jpg 400w\" sizes=\"auto, (max-width: 267px) 100vw, 267px\" \/><\/a><figcaption id=\"caption-attachment-3066\" class=\"wp-caption-text\">Mia och Peter<\/figcaption><\/figure>\n","protected":false},"excerpt":{"rendered":"<p>Peter och Mia sjunger. Mattias K\u00e5gstr\u00f6m \u2013 piano, Tobias K\u00e5gstr\u00f6m \u2013 trummor, Andreas Grenholm \u2013 gitarr, Peter L\u00f6wgren \u2013 bas. Man skall ju inte g\u00e5 \u00f6ver \u00e5n efter vatten. Vi har ett helt g\u00e4ng mycket goda musikanter p\u00e5 hemmaplan och h\u00e4r ett exempel p\u00e5 en konstellation som \u00e4nnu inte sets\/h\u00f6rts p\u00e5 \u00c4lvy. Allt har sin&hellip; <a href=\"https:\/\/www.skelleftejazz.se\/?p=3118\" class=\"read-more\">Forts\u00e4tt l\u00e4sa L\u00f6rdag 18 mars 13:00 \u00c4lvy. Peter Fj\u00e4llstr\u00f6m &#038; Mia Sommar<\/a><\/p>\n","protected":false},"author":1,"featured_media":0,"comment_status":"closed","ping_status":"open","sticky":false,"template":"","format":"standard","meta":{"footnotes":""},"categories":[4],"tags":[],"class_list":["post-3118","post","type-post","status-publish","format-standard","hentry","category-uncategorized-2"],"_links":{"self":[{"href":"https:\/\/www.skelleftejazz.se\/index.php?rest_route=\/wp\/v2\/posts\/3118","targetHints":{"allow":["GET"]}}],"collection":[{"href":"https:\/\/www.skelleftejazz.se\/index.php?rest_route=\/wp\/v2\/posts"}],"about":[{"href":"https:\/\/www.skelleftejazz.se\/index.php?rest_route=\/wp\/v2\/types\/post"}],"author":[{"embeddable":true,"href":"https:\/\/www.skelleftejazz.se\/index.php?rest_route=\/wp\/v2\/users\/1"}],"replies":[{"embeddable":true,"href":"https:\/\/www.skelleftejazz.se\/index.php?rest_route=%2Fwp%2Fv2%2Fcomments&post=3118"}],"version-history":[{"count":1,"href":"https:\/\/www.skelleftejazz.se\/index.php?rest_route=\/wp\/v2\/posts\/3118\/revisions"}],"predecessor-version":[{"id":3119,"href":"https:\/\/www.skelleftejazz.se\/index.php?rest_route=\/wp\/v2\/posts\/3118\/revisions\/3119"}],"wp:attachment":[{"href":"https:\/\/www.skelleftejazz.se\/index.php?rest_route=%2Fwp%2Fv2%2Fmedia&parent=3118"}],"wp:term":[{"taxonomy":"category","embeddable":true,"href":"https:\/\/www.skelleftejazz.se\/index.php?rest_route=%2Fwp%2Fv2%2Fcategories&post=3118"},{"taxonomy":"post_tag","embeddable":true,"href":"https:\/\/www.skelleftejazz.se\/index.php?rest_route=%2Fwp%2Fv2%2Ftags&post=3118"}],"curies":[{"name":"wp","href":"https:\/\/api.w.org\/{rel}","templated":true}]}}