{"id":3107,"date":"2017-03-05T11:41:03","date_gmt":"2017-03-05T10:41:03","guid":{"rendered":"http:\/\/www.skelleftejazz.se\/?p=3107"},"modified":"2017-03-05T11:51:39","modified_gmt":"2017-03-05T10:51:39","slug":"3107","status":"publish","type":"post","link":"https:\/\/www.skelleftejazz.se\/?p=3107","title":{"rendered":"L\u00f6rdag 11 mars 13:00 \u00c4lvy.\u00a0Ali Djeridi kvartett"},"content":{"rendered":"<p>Detta \u00e4r nog lite av en &#8221;supergrupp&#8221; som vi har n\u00f6jet presentera. S\u00e4mre avslutning p\u00e5 sportlovsveckan kan man t\u00e4nka sig.<\/p>\n<p>Ali Djeridi \u2013 trummor,\u00a0Krister Andersson \u2013 saxofon,\u00a0Lars Jansson \u2013 piano,\u00a0Palle Danielsson \u2013 bas<br \/>\nS\u00e5 h\u00e4r kan det komma att l\u00e5ta (Fast i klippet \u00e4r det Leo Lindberg p\u00e5 bas)<br \/>\n<a href=\"https:\/\/www.youtube.com\/watch?v=xUbt0N856AY\" target=\"_blank\">https:\/\/www.youtube.com\/watch?v=xUbt0N856AY<\/a><\/p>\n<figure id=\"attachment_3108\" aria-describedby=\"caption-attachment-3108\" style=\"width: 848px\" class=\"wp-caption alignleft\"><a href=\"https:\/\/www.skelleftejazz.se\/wp-content\/uploads\/2017\/03\/alisgrupp.jpg\"><img loading=\"lazy\" decoding=\"async\" class=\"wp-image-3108 size-full\" src=\"https:\/\/www.skelleftejazz.se\/wp-content\/uploads\/2017\/03\/alisgrupp.jpg\" width=\"848\" height=\"357\" srcset=\"https:\/\/www.skelleftejazz.se\/wp-content\/uploads\/2017\/03\/alisgrupp.jpg 848w, https:\/\/www.skelleftejazz.se\/wp-content\/uploads\/2017\/03\/alisgrupp-300x126.jpg 300w, https:\/\/www.skelleftejazz.se\/wp-content\/uploads\/2017\/03\/alisgrupp-768x323.jpg 768w\" sizes=\"auto, (max-width: 848px) 100vw, 848px\" \/><\/a><figcaption id=\"caption-attachment-3108\" class=\"wp-caption-text\">Ali Djeridi kvartett<\/figcaption><\/figure>\n<p>Konserten \u00e4r ett samarbete med Norrlandsoperan\u00a0<a href=\"https:\/\/www.skelleftejazz.se\/wp-content\/uploads\/2016\/12\/noliten.jpg\"><img loading=\"lazy\" decoding=\"async\" class=\"size-full wp-image-3062 alignright\" src=\"https:\/\/www.skelleftejazz.se\/wp-content\/uploads\/2016\/12\/noliten.jpg\" alt=\"noliten\" width=\"78\" height=\"35\" \/><\/a><\/p>\n","protected":false},"excerpt":{"rendered":"<p>Detta \u00e4r nog lite av en &#8221;supergrupp&#8221; som vi har n\u00f6jet presentera. S\u00e4mre avslutning p\u00e5 sportlovsveckan kan man t\u00e4nka sig. Ali Djeridi \u2013 trummor,\u00a0Krister Andersson \u2013 saxofon,\u00a0Lars Jansson \u2013 piano,\u00a0Palle Danielsson \u2013 bas S\u00e5 h\u00e4r kan det komma att l\u00e5ta (Fast i klippet \u00e4r det Leo Lindberg p\u00e5 bas) https:\/\/www.youtube.com\/watch?v=xUbt0N856AY Konserten \u00e4r ett samarbete med&hellip; <a href=\"https:\/\/www.skelleftejazz.se\/?p=3107\" class=\"read-more\">Forts\u00e4tt l\u00e4sa L\u00f6rdag 11 mars 13:00 \u00c4lvy.\u00a0Ali Djeridi kvartett<\/a><\/p>\n","protected":false},"author":1,"featured_media":0,"comment_status":"closed","ping_status":"open","sticky":false,"template":"","format":"standard","meta":{"footnotes":""},"categories":[4],"tags":[],"class_list":["post-3107","post","type-post","status-publish","format-standard","hentry","category-uncategorized-2"],"_links":{"self":[{"href":"https:\/\/www.skelleftejazz.se\/index.php?rest_route=\/wp\/v2\/posts\/3107","targetHints":{"allow":["GET"]}}],"collection":[{"href":"https:\/\/www.skelleftejazz.se\/index.php?rest_route=\/wp\/v2\/posts"}],"about":[{"href":"https:\/\/www.skelleftejazz.se\/index.php?rest_route=\/wp\/v2\/types\/post"}],"author":[{"embeddable":true,"href":"https:\/\/www.skelleftejazz.se\/index.php?rest_route=\/wp\/v2\/users\/1"}],"replies":[{"embeddable":true,"href":"https:\/\/www.skelleftejazz.se\/index.php?rest_route=%2Fwp%2Fv2%2Fcomments&post=3107"}],"version-history":[{"count":5,"href":"https:\/\/www.skelleftejazz.se\/index.php?rest_route=\/wp\/v2\/posts\/3107\/revisions"}],"predecessor-version":[{"id":3113,"href":"https:\/\/www.skelleftejazz.se\/index.php?rest_route=\/wp\/v2\/posts\/3107\/revisions\/3113"}],"wp:attachment":[{"href":"https:\/\/www.skelleftejazz.se\/index.php?rest_route=%2Fwp%2Fv2%2Fmedia&parent=3107"}],"wp:term":[{"taxonomy":"category","embeddable":true,"href":"https:\/\/www.skelleftejazz.se\/index.php?rest_route=%2Fwp%2Fv2%2Fcategories&post=3107"},{"taxonomy":"post_tag","embeddable":true,"href":"https:\/\/www.skelleftejazz.se\/index.php?rest_route=%2Fwp%2Fv2%2Ftags&post=3107"}],"curies":[{"name":"wp","href":"https:\/\/api.w.org\/{rel}","templated":true}]}}