{"id":3085,"date":"2017-01-31T10:39:12","date_gmt":"2017-01-31T09:39:12","guid":{"rendered":"http:\/\/www.skelleftejazz.se\/?p=3085"},"modified":"2017-01-31T10:42:29","modified_gmt":"2017-01-31T09:42:29","slug":"lordag-4-februari-1300-alvy-staffan-oberg-nonet","status":"publish","type":"post","link":"https:\/\/www.skelleftejazz.se\/?p=3085","title":{"rendered":"L\u00f6rdag 4 februari 13:00, \u00c4lvy.\u00a0Staffan \u00d6berg Nonet"},"content":{"rendered":"<div id=\"attachment_3068\" class=\"wp-caption alignleft\">\n<p><a href=\"https:\/\/www.skelleftejazz.se\/wp-content\/uploads\/2016\/12\/IMG_4269.jpg\"><img loading=\"lazy\" decoding=\"async\" class=\"size-thumbnail wp-image-3068\" src=\"https:\/\/www.skelleftejazz.se\/wp-content\/uploads\/2016\/12\/IMG_4269-150x150.jpg\" alt=\"Staffan \u00d6berg\" width=\"150\" height=\"150\" \/><\/a><\/p>\n<p class=\"wp-caption-text\">Staffan \u00d6berg<\/p>\n<\/div>\n<p>Bandet har Ume\u00e5 som bas men g\u00f6r nu ett snabbt nedslag i den norra delen av l\u00e4net. Eje Thulin och Eva Henriksson \u2013 trumpet, Lars-G\u00f6ran Ulander \u2013 altsax, Henrik Blomm\u00e9 \u2013 tenorsax, Staffan \u00d6berg \u2013 barytonsax, Mikael Elofsson \u2013 trombon, Thomas Olsson \u2013 piano, Janne \u00d6stlund \u2013 bas och Sten \u00d6berg \u2013 trummor.<br \/>\nUme\u00e5 har ju under \u00e5ren haft m\u00e5nga framst\u00e5ende jazzmusiker. Familjen \u00d6berg tillh\u00f6r de etablerade som har varit med l\u00e4nge. Under h\u00f6sten har g\u00e4nget spelat in en CD som f\u00f6rhoppningsvis kommer att vara till salu i samband med detta bes\u00f6k. Vi kommer att f\u00e5 lyssna till b\u00e5de Mingus och Gullins musik<\/p>\n","protected":false},"excerpt":{"rendered":"<p>Staffan \u00d6berg Bandet har Ume\u00e5 som bas men g\u00f6r nu ett snabbt nedslag i den norra delen av l\u00e4net. Eje Thulin och Eva Henriksson \u2013 trumpet, Lars-G\u00f6ran Ulander \u2013 altsax, Henrik Blomm\u00e9 \u2013 tenorsax, Staffan \u00d6berg \u2013 barytonsax, Mikael Elofsson \u2013 trombon, Thomas Olsson \u2013 piano, Janne \u00d6stlund \u2013 bas och Sten \u00d6berg \u2013 trummor.&hellip; <a href=\"https:\/\/www.skelleftejazz.se\/?p=3085\" class=\"read-more\">Forts\u00e4tt l\u00e4sa L\u00f6rdag 4 februari 13:00, \u00c4lvy.\u00a0Staffan \u00d6berg Nonet<\/a><\/p>\n","protected":false},"author":1,"featured_media":0,"comment_status":"closed","ping_status":"open","sticky":false,"template":"","format":"standard","meta":{"footnotes":""},"categories":[4],"tags":[],"class_list":["post-3085","post","type-post","status-publish","format-standard","hentry","category-uncategorized-2"],"_links":{"self":[{"href":"https:\/\/www.skelleftejazz.se\/index.php?rest_route=\/wp\/v2\/posts\/3085","targetHints":{"allow":["GET"]}}],"collection":[{"href":"https:\/\/www.skelleftejazz.se\/index.php?rest_route=\/wp\/v2\/posts"}],"about":[{"href":"https:\/\/www.skelleftejazz.se\/index.php?rest_route=\/wp\/v2\/types\/post"}],"author":[{"embeddable":true,"href":"https:\/\/www.skelleftejazz.se\/index.php?rest_route=\/wp\/v2\/users\/1"}],"replies":[{"embeddable":true,"href":"https:\/\/www.skelleftejazz.se\/index.php?rest_route=%2Fwp%2Fv2%2Fcomments&post=3085"}],"version-history":[{"count":3,"href":"https:\/\/www.skelleftejazz.se\/index.php?rest_route=\/wp\/v2\/posts\/3085\/revisions"}],"predecessor-version":[{"id":3088,"href":"https:\/\/www.skelleftejazz.se\/index.php?rest_route=\/wp\/v2\/posts\/3085\/revisions\/3088"}],"wp:attachment":[{"href":"https:\/\/www.skelleftejazz.se\/index.php?rest_route=%2Fwp%2Fv2%2Fmedia&parent=3085"}],"wp:term":[{"taxonomy":"category","embeddable":true,"href":"https:\/\/www.skelleftejazz.se\/index.php?rest_route=%2Fwp%2Fv2%2Fcategories&post=3085"},{"taxonomy":"post_tag","embeddable":true,"href":"https:\/\/www.skelleftejazz.se\/index.php?rest_route=%2Fwp%2Fv2%2Ftags&post=3085"}],"curies":[{"name":"wp","href":"https:\/\/api.w.org\/{rel}","templated":true}]}}