{"id":3050,"date":"2017-01-01T18:14:13","date_gmt":"2017-01-01T17:14:13","guid":{"rendered":"http:\/\/www.skelleftejazz.se\/?p=3050"},"modified":"2017-01-01T20:38:52","modified_gmt":"2017-01-01T19:38:52","slug":"gott-nytt-ar-2","status":"publish","type":"post","link":"https:\/\/www.skelleftejazz.se\/?p=3050","title":{"rendered":"Gott nytt \u00e5r!"},"content":{"rendered":"<p><strong>L\u00f6rdag 28 januari 13:00, \u00c4lvy. Patrik Bomans Ambivalent<br \/>\n<\/strong><\/p>\n<figure id=\"attachment_3051\" aria-describedby=\"caption-attachment-3051\" style=\"width: 200px\" class=\"wp-caption alignleft\"><a href=\"https:\/\/www.skelleftejazz.se\/wp-content\/uploads\/2017\/01\/MG_7723.jpg\"><img loading=\"lazy\" decoding=\"async\" class=\"size-medium wp-image-3051\" src=\"https:\/\/www.skelleftejazz.se\/wp-content\/uploads\/2017\/01\/MG_7723-200x300.jpg\" alt=\"Patrik Boman\" width=\"200\" height=\"300\" srcset=\"https:\/\/www.skelleftejazz.se\/wp-content\/uploads\/2017\/01\/MG_7723-200x300.jpg 200w, https:\/\/www.skelleftejazz.se\/wp-content\/uploads\/2017\/01\/MG_7723-768x1152.jpg 768w, https:\/\/www.skelleftejazz.se\/wp-content\/uploads\/2017\/01\/MG_7723-682x1024.jpg 682w, https:\/\/www.skelleftejazz.se\/wp-content\/uploads\/2017\/01\/MG_7723.jpg 1333w\" sizes=\"auto, (max-width: 200px) 100vw, 200px\" \/><\/a><figcaption id=\"caption-attachment-3051\" class=\"wp-caption-text\">Patrik Boman<\/figcaption><\/figure>\n<p>Amanda Sedgwick\u00a0\u2013 altsax, Mats \u00c4leklint \u2013 trombon, Per \u201dTexas\u201d Johansson, \u2013 Tenorsax\/basklarinett,\u00a0Carl Orrje \u2013 piano,\u00a0Patrik Boman\u00a0\u2013 kontrabas,\u00a0Chris Montgomery \u2013 trummor.<\/p>\n<p>Ur m\u00e5nga synvinklar ett kanonband inom svensk nutida jazz. Inte s\u00e5 tokig b\u00f6rjan p\u00e5 \u00e5ret. V\u00e4lkomna! Entr\u00e9 vid d\u00f6rren. 100.- medlem, \u00f6vriga 120.- Skolungdom ingen entr\u00e9.<\/p>\n<p><strong>\u00a0<\/strong><\/p>\n<p>&nbsp;<\/p>\n","protected":false},"excerpt":{"rendered":"<p>L\u00f6rdag 28 januari 13:00, \u00c4lvy. Patrik Bomans Ambivalent Amanda Sedgwick\u00a0\u2013 altsax, Mats \u00c4leklint \u2013 trombon, Per \u201dTexas\u201d Johansson, \u2013 Tenorsax\/basklarinett,\u00a0Carl Orrje \u2013 piano,\u00a0Patrik Boman\u00a0\u2013 kontrabas,\u00a0Chris Montgomery \u2013 trummor. Ur m\u00e5nga synvinklar ett kanonband inom svensk nutida jazz. Inte s\u00e5 tokig b\u00f6rjan p\u00e5 \u00e5ret. V\u00e4lkomna! Entr\u00e9 vid d\u00f6rren. 100.- medlem, \u00f6vriga 120.- Skolungdom ingen entr\u00e9. \u00a0&hellip; <a href=\"https:\/\/www.skelleftejazz.se\/?p=3050\" class=\"read-more\">Forts\u00e4tt l\u00e4sa Gott nytt \u00e5r!<\/a><\/p>\n","protected":false},"author":1,"featured_media":0,"comment_status":"closed","ping_status":"open","sticky":false,"template":"","format":"standard","meta":{"footnotes":""},"categories":[4],"tags":[],"class_list":["post-3050","post","type-post","status-publish","format-standard","hentry","category-uncategorized-2"],"_links":{"self":[{"href":"https:\/\/www.skelleftejazz.se\/index.php?rest_route=\/wp\/v2\/posts\/3050","targetHints":{"allow":["GET"]}}],"collection":[{"href":"https:\/\/www.skelleftejazz.se\/index.php?rest_route=\/wp\/v2\/posts"}],"about":[{"href":"https:\/\/www.skelleftejazz.se\/index.php?rest_route=\/wp\/v2\/types\/post"}],"author":[{"embeddable":true,"href":"https:\/\/www.skelleftejazz.se\/index.php?rest_route=\/wp\/v2\/users\/1"}],"replies":[{"embeddable":true,"href":"https:\/\/www.skelleftejazz.se\/index.php?rest_route=%2Fwp%2Fv2%2Fcomments&post=3050"}],"version-history":[{"count":5,"href":"https:\/\/www.skelleftejazz.se\/index.php?rest_route=\/wp\/v2\/posts\/3050\/revisions"}],"predecessor-version":[{"id":3056,"href":"https:\/\/www.skelleftejazz.se\/index.php?rest_route=\/wp\/v2\/posts\/3050\/revisions\/3056"}],"wp:attachment":[{"href":"https:\/\/www.skelleftejazz.se\/index.php?rest_route=%2Fwp%2Fv2%2Fmedia&parent=3050"}],"wp:term":[{"taxonomy":"category","embeddable":true,"href":"https:\/\/www.skelleftejazz.se\/index.php?rest_route=%2Fwp%2Fv2%2Fcategories&post=3050"},{"taxonomy":"post_tag","embeddable":true,"href":"https:\/\/www.skelleftejazz.se\/index.php?rest_route=%2Fwp%2Fv2%2Ftags&post=3050"}],"curies":[{"name":"wp","href":"https:\/\/api.w.org\/{rel}","templated":true}]}}