{"id":3003,"date":"2016-11-26T20:31:30","date_gmt":"2016-11-26T19:31:30","guid":{"rendered":"http:\/\/www.skelleftejazz.se\/?p=3003"},"modified":"2016-11-26T20:33:20","modified_gmt":"2016-11-26T19:33:20","slug":"lordag-2016-12-03-kl-1300-jazzkafe-alvy-boliden-big-band","status":"publish","type":"post","link":"https:\/\/www.skelleftejazz.se\/?p=3003","title":{"rendered":"L\u00f6rdag\u00a02016-12-03 kl 13:00 Jazzkaf\u00e9 \u00c4lvy. Boliden Big Band."},"content":{"rendered":"<p>Ett storband \u00e4r ju inte direkt fel. Boliden Big Band sv\u00e4nger p\u00e5 som vanligt. Peter Fj\u00e4llstr\u00f6m har lovat dyka upp som g\u00e4st p\u00e5 n\u00e5gra s\u00e5ngl\u00e5tar. L\u00e5ter ju lovande! Vem vet, kanske vi dessutom f\u00e5r h\u00f6ra den gamla p\u00e4rlan &#8221;Splanky&#8221;? fr\u00e5n Count Basies platta &#8221;The Atomic Mr Basie&#8221;<\/p>\n<p>F\u00f6r er som funderar p\u00e5 hur gitarristen Freddie Green egentligen spelar p\u00e5 originalupptagningen 1959 s\u00e5 ser det ut s\u00e5 h\u00e4r:<br \/>\n<a href=\"https:\/\/www.skelleftejazz.se\/wp-content\/uploads\/2016\/11\/splankyG.jpg\"><img loading=\"lazy\" decoding=\"async\" class=\"aligncenter wp-image-3004 size-full\" src=\"https:\/\/www.skelleftejazz.se\/wp-content\/uploads\/2016\/11\/splankyG.jpg\" alt=\"splankyg\" width=\"715\" height=\"571\" srcset=\"https:\/\/www.skelleftejazz.se\/wp-content\/uploads\/2016\/11\/splankyG.jpg 715w, https:\/\/www.skelleftejazz.se\/wp-content\/uploads\/2016\/11\/splankyG-300x240.jpg 300w\" sizes=\"auto, (max-width: 715px) 100vw, 715px\" \/><\/a><\/p>\n<p>&nbsp;<\/p>\n","protected":false},"excerpt":{"rendered":"<p>Ett storband \u00e4r ju inte direkt fel. Boliden Big Band sv\u00e4nger p\u00e5 som vanligt. Peter Fj\u00e4llstr\u00f6m har lovat dyka upp som g\u00e4st p\u00e5 n\u00e5gra s\u00e5ngl\u00e5tar. L\u00e5ter ju lovande! Vem vet, kanske vi dessutom f\u00e5r h\u00f6ra den gamla p\u00e4rlan &#8221;Splanky&#8221;? fr\u00e5n Count Basies platta &#8221;The Atomic Mr Basie&#8221; F\u00f6r er som funderar p\u00e5 hur gitarristen Freddie&hellip; <a href=\"https:\/\/www.skelleftejazz.se\/?p=3003\" class=\"read-more\">Forts\u00e4tt l\u00e4sa L\u00f6rdag\u00a02016-12-03 kl 13:00 Jazzkaf\u00e9 \u00c4lvy. Boliden Big Band.<\/a><\/p>\n","protected":false},"author":1,"featured_media":0,"comment_status":"closed","ping_status":"open","sticky":false,"template":"","format":"standard","meta":{"footnotes":""},"categories":[4],"tags":[],"class_list":["post-3003","post","type-post","status-publish","format-standard","hentry","category-uncategorized-2"],"_links":{"self":[{"href":"https:\/\/www.skelleftejazz.se\/index.php?rest_route=\/wp\/v2\/posts\/3003","targetHints":{"allow":["GET"]}}],"collection":[{"href":"https:\/\/www.skelleftejazz.se\/index.php?rest_route=\/wp\/v2\/posts"}],"about":[{"href":"https:\/\/www.skelleftejazz.se\/index.php?rest_route=\/wp\/v2\/types\/post"}],"author":[{"embeddable":true,"href":"https:\/\/www.skelleftejazz.se\/index.php?rest_route=\/wp\/v2\/users\/1"}],"replies":[{"embeddable":true,"href":"https:\/\/www.skelleftejazz.se\/index.php?rest_route=%2Fwp%2Fv2%2Fcomments&post=3003"}],"version-history":[{"count":3,"href":"https:\/\/www.skelleftejazz.se\/index.php?rest_route=\/wp\/v2\/posts\/3003\/revisions"}],"predecessor-version":[{"id":3007,"href":"https:\/\/www.skelleftejazz.se\/index.php?rest_route=\/wp\/v2\/posts\/3003\/revisions\/3007"}],"wp:attachment":[{"href":"https:\/\/www.skelleftejazz.se\/index.php?rest_route=%2Fwp%2Fv2%2Fmedia&parent=3003"}],"wp:term":[{"taxonomy":"category","embeddable":true,"href":"https:\/\/www.skelleftejazz.se\/index.php?rest_route=%2Fwp%2Fv2%2Fcategories&post=3003"},{"taxonomy":"post_tag","embeddable":true,"href":"https:\/\/www.skelleftejazz.se\/index.php?rest_route=%2Fwp%2Fv2%2Ftags&post=3003"}],"curies":[{"name":"wp","href":"https:\/\/api.w.org\/{rel}","templated":true}]}}