{"id":2991,"date":"2016-11-13T22:04:54","date_gmt":"2016-11-13T21:04:54","guid":{"rendered":"http:\/\/www.skelleftejazz.se\/?p=2991"},"modified":"2016-11-13T22:11:18","modified_gmt":"2016-11-13T21:11:18","slug":"lordag-2016-11-19-kl-1300-jazzkafe-alvy-jan-lundberg-sextett","status":"publish","type":"post","link":"https:\/\/www.skelleftejazz.se\/?p=2991","title":{"rendered":"L\u00f6rdag\u00a02016-11-19 kl 13:00 Jazzkaf\u00e9 \u00c4lvy. Jan Lundberg sextett.\u00a0"},"content":{"rendered":"<p style=\"text-align: left;\"><a href=\"https:\/\/www.skelleftejazz.se\/wp-content\/uploads\/2015\/01\/janneII.jpg\"><img loading=\"lazy\" decoding=\"async\" class=\"size-medium wp-image-2407 alignleft\" src=\"https:\/\/www.skelleftejazz.se\/wp-content\/uploads\/2015\/01\/janneII-298x300.jpg\" alt=\"Bassax\" width=\"298\" height=\"300\" srcset=\"https:\/\/www.skelleftejazz.se\/wp-content\/uploads\/2015\/01\/janneII-298x300.jpg 298w, https:\/\/www.skelleftejazz.se\/wp-content\/uploads\/2015\/01\/janneII-150x150.jpg 150w, https:\/\/www.skelleftejazz.se\/wp-content\/uploads\/2015\/01\/janneII.jpg 367w\" sizes=\"auto, (max-width: 298px) 100vw, 298px\" \/><\/a>Jan Lundberg kommer ned fr\u00e5n Lule\u00e5 med sin sax och\u00a0klarinett, Amanda Clarin trumpet och s\u00e5ng, Erik Holmstr\u00f6m vibrafon, Johan Tegheim piano, Joachim Toft gitarr, Roger Stenberg bas och Ulf Degerman trummor.<\/p>\n<p style=\"text-align: left;\">Det \u00e4r alltid sp\u00e4nnande att bjuda in Janne d\u00e5 gammal sk\u00e5pmat inte kommer i fr\u00e5ga. Alltid nya arrangemang och nya konstellationer om \u00e4n trogen den ursprungliga jazzen. Janne \u00e4r stolt \u00e4gare av bassax, barytonsax, tenorsax, altsax, sopransax och \u00e4ven en sopranino den minsta i saxfamiljen (Ja nu tillverkas ocks\u00e5 en \u00e4nnu mindre, en soprillo men den finns bara i ett f\u00e5tal exemplar i v\u00e4rlden). L\u00e4gg d\u00e4rtill en klarinett eller tv\u00e5 s\u00e5 f\u00f6rst\u00e5r ni att h\u00e4r finns att v\u00e4lja p\u00e5.<\/p>\n","protected":false},"excerpt":{"rendered":"<p>Jan Lundberg kommer ned fr\u00e5n Lule\u00e5 med sin sax och\u00a0klarinett, Amanda Clarin trumpet och s\u00e5ng, Erik Holmstr\u00f6m vibrafon, Johan Tegheim piano, Joachim Toft gitarr, Roger Stenberg bas och Ulf Degerman trummor. Det \u00e4r alltid sp\u00e4nnande att bjuda in Janne d\u00e5 gammal sk\u00e5pmat inte kommer i fr\u00e5ga. Alltid nya arrangemang och nya konstellationer om \u00e4n trogen&hellip; <a href=\"https:\/\/www.skelleftejazz.se\/?p=2991\" class=\"read-more\">Forts\u00e4tt l\u00e4sa L\u00f6rdag\u00a02016-11-19 kl 13:00 Jazzkaf\u00e9 \u00c4lvy. Jan Lundberg sextett.\u00a0<\/a><\/p>\n","protected":false},"author":1,"featured_media":0,"comment_status":"closed","ping_status":"open","sticky":false,"template":"","format":"standard","meta":{"footnotes":""},"categories":[4],"tags":[],"class_list":["post-2991","post","type-post","status-publish","format-standard","hentry","category-uncategorized-2"],"_links":{"self":[{"href":"https:\/\/www.skelleftejazz.se\/index.php?rest_route=\/wp\/v2\/posts\/2991","targetHints":{"allow":["GET"]}}],"collection":[{"href":"https:\/\/www.skelleftejazz.se\/index.php?rest_route=\/wp\/v2\/posts"}],"about":[{"href":"https:\/\/www.skelleftejazz.se\/index.php?rest_route=\/wp\/v2\/types\/post"}],"author":[{"embeddable":true,"href":"https:\/\/www.skelleftejazz.se\/index.php?rest_route=\/wp\/v2\/users\/1"}],"replies":[{"embeddable":true,"href":"https:\/\/www.skelleftejazz.se\/index.php?rest_route=%2Fwp%2Fv2%2Fcomments&post=2991"}],"version-history":[{"count":3,"href":"https:\/\/www.skelleftejazz.se\/index.php?rest_route=\/wp\/v2\/posts\/2991\/revisions"}],"predecessor-version":[{"id":2994,"href":"https:\/\/www.skelleftejazz.se\/index.php?rest_route=\/wp\/v2\/posts\/2991\/revisions\/2994"}],"wp:attachment":[{"href":"https:\/\/www.skelleftejazz.se\/index.php?rest_route=%2Fwp%2Fv2%2Fmedia&parent=2991"}],"wp:term":[{"taxonomy":"category","embeddable":true,"href":"https:\/\/www.skelleftejazz.se\/index.php?rest_route=%2Fwp%2Fv2%2Fcategories&post=2991"},{"taxonomy":"post_tag","embeddable":true,"href":"https:\/\/www.skelleftejazz.se\/index.php?rest_route=%2Fwp%2Fv2%2Ftags&post=2991"}],"curies":[{"name":"wp","href":"https:\/\/api.w.org\/{rel}","templated":true}]}}