{"id":2976,"date":"2016-10-19T20:41:46","date_gmt":"2016-10-19T19:41:46","guid":{"rendered":"http:\/\/www.skelleftejazz.se\/?p=2976"},"modified":"2016-10-19T20:41:46","modified_gmt":"2016-10-19T19:41:46","slug":"reclaim-the-music-in-concert-statt-skelleftea-festvaningen-fre-21-okt-2016-kl-2000","status":"publish","type":"post","link":"https:\/\/www.skelleftejazz.se\/?p=2976","title":{"rendered":"Reclaim The Music in Concert Statt Skellefte\u00e5, Festv\u00e5ningen fre 21 okt 2016 kl 20:00"},"content":{"rendered":"<p>Peter Fj\u00e4llstr\u00f6m &#8211; S\u00e5ng, \u00c5sa Granlund Jonsson &#8211; S\u00e5ng, Christina J L\u00f6vbom &#8211; S\u00e5ng, Johan Nordlander &#8211; Keyboard, \u00c5ke \u00d6stman &#8211; Gitarr, Anders L\u00f6fgren &#8211; Bas, Erik Holmstr\u00f6m &#8211; Trummor, Samuel L\u00f6fgren &#8211; Percussion, Jonas Wiklund &#8211; Trumpet, Erik Marklund &#8211; Trumpet, Maria L\u00f6fgren &#8211; Trombon, Jan-Erik Sundqvist &#8211; Saxofon, Stefan Lindberg &#8211; Saxofon, fl\u00f6jt och Keyboard. \u00a0<strong>Biljetter<\/strong>: Vid d\u00f6rren, p\u00e5 Ticketmaster eller Turistbyr\u00e5n.<\/p>\n<p><a href=\"https:\/\/www.skelleftejazz.se\/wp-content\/uploads\/2016\/10\/RtM_bild_03.jpg\"><img loading=\"lazy\" decoding=\"async\" class=\"alignleft size-full wp-image-2977\" src=\"https:\/\/www.skelleftejazz.se\/wp-content\/uploads\/2016\/10\/RtM_bild_03.jpg\" alt=\"rtm_bild_03\" width=\"960\" height=\"573\" srcset=\"https:\/\/www.skelleftejazz.se\/wp-content\/uploads\/2016\/10\/RtM_bild_03.jpg 960w, https:\/\/www.skelleftejazz.se\/wp-content\/uploads\/2016\/10\/RtM_bild_03-300x179.jpg 300w, https:\/\/www.skelleftejazz.se\/wp-content\/uploads\/2016\/10\/RtM_bild_03-768x458.jpg 768w\" sizes=\"auto, (max-width: 960px) 100vw, 960px\" \/><\/a><\/p>\n","protected":false},"excerpt":{"rendered":"<p>Peter Fj\u00e4llstr\u00f6m &#8211; S\u00e5ng, \u00c5sa Granlund Jonsson &#8211; S\u00e5ng, Christina J L\u00f6vbom &#8211; S\u00e5ng, Johan Nordlander &#8211; Keyboard, \u00c5ke \u00d6stman &#8211; Gitarr, Anders L\u00f6fgren &#8211; Bas, Erik Holmstr\u00f6m &#8211; Trummor, Samuel L\u00f6fgren &#8211; Percussion, Jonas Wiklund &#8211; Trumpet, Erik Marklund &#8211; Trumpet, Maria L\u00f6fgren &#8211; Trombon, Jan-Erik Sundqvist &#8211; Saxofon, Stefan Lindberg &#8211; Saxofon, fl\u00f6jt&hellip; <a href=\"https:\/\/www.skelleftejazz.se\/?p=2976\" class=\"read-more\">Forts\u00e4tt l\u00e4sa Reclaim The Music in Concert Statt Skellefte\u00e5, Festv\u00e5ningen fre 21 okt 2016 kl 20:00<\/a><\/p>\n","protected":false},"author":1,"featured_media":0,"comment_status":"closed","ping_status":"open","sticky":false,"template":"","format":"standard","meta":{"footnotes":""},"categories":[4],"tags":[],"class_list":["post-2976","post","type-post","status-publish","format-standard","hentry","category-uncategorized-2"],"_links":{"self":[{"href":"https:\/\/www.skelleftejazz.se\/index.php?rest_route=\/wp\/v2\/posts\/2976","targetHints":{"allow":["GET"]}}],"collection":[{"href":"https:\/\/www.skelleftejazz.se\/index.php?rest_route=\/wp\/v2\/posts"}],"about":[{"href":"https:\/\/www.skelleftejazz.se\/index.php?rest_route=\/wp\/v2\/types\/post"}],"author":[{"embeddable":true,"href":"https:\/\/www.skelleftejazz.se\/index.php?rest_route=\/wp\/v2\/users\/1"}],"replies":[{"embeddable":true,"href":"https:\/\/www.skelleftejazz.se\/index.php?rest_route=%2Fwp%2Fv2%2Fcomments&post=2976"}],"version-history":[{"count":1,"href":"https:\/\/www.skelleftejazz.se\/index.php?rest_route=\/wp\/v2\/posts\/2976\/revisions"}],"predecessor-version":[{"id":2978,"href":"https:\/\/www.skelleftejazz.se\/index.php?rest_route=\/wp\/v2\/posts\/2976\/revisions\/2978"}],"wp:attachment":[{"href":"https:\/\/www.skelleftejazz.se\/index.php?rest_route=%2Fwp%2Fv2%2Fmedia&parent=2976"}],"wp:term":[{"taxonomy":"category","embeddable":true,"href":"https:\/\/www.skelleftejazz.se\/index.php?rest_route=%2Fwp%2Fv2%2Fcategories&post=2976"},{"taxonomy":"post_tag","embeddable":true,"href":"https:\/\/www.skelleftejazz.se\/index.php?rest_route=%2Fwp%2Fv2%2Ftags&post=2976"}],"curies":[{"name":"wp","href":"https:\/\/api.w.org\/{rel}","templated":true}]}}