{"id":2941,"date":"2016-09-24T18:18:08","date_gmt":"2016-09-24T17:18:08","guid":{"rendered":"http:\/\/www.skelleftejazz.se\/?p=2941"},"modified":"2016-09-24T18:18:08","modified_gmt":"2016-09-24T17:18:08","slug":"lordag-2016-10-01-kl-1300-jazzkafe-alvy-aao-trio-skelleftea-kammarkor","status":"publish","type":"post","link":"https:\/\/www.skelleftejazz.se\/?p=2941","title":{"rendered":"L\u00f6rdag 2016-10-01 kl 13:00 Jazzkaf\u00e9 \u00c4lvy. A\u00c5O trio + Skellefte\u00e5 kammark\u00f6r."},"content":{"rendered":"<p>Anders L\u00f6fgren \u2013 bas, \u00c5sa Granlund Jonsson \u2013 s\u00e5ng och Olaf Schneider \u2013 piano m\u00f6ter Skellefte\u00e5 kammark\u00f6r. Olaf har skrivit n\u00e5gra nya arrangemang f\u00f6r k\u00f6ren. Det kommer att l\u00e5ta fint!<\/p>\n<div id=\"attachment_2888\" class=\"wp-caption aligncenter\"><a href=\"https:\/\/www.skelleftejazz.se\/wp-content\/uploads\/2016\/07\/k%C3%B6ren-2.jpg\"><img loading=\"lazy\" decoding=\"async\" class=\"size-full wp-image-2888\" src=\"https:\/\/www.skelleftejazz.se\/wp-content\/uploads\/2016\/07\/k%C3%B6ren-2.jpg\" sizes=\"auto, (max-width: 985px) 100vw, 985px\" srcset=\"https:\/\/www.skelleftejazz.se\/wp-content\/uploads\/2016\/07\/k\u00f6ren-2.jpg 985w, https:\/\/www.skelleftejazz.se\/wp-content\/uploads\/2016\/07\/k\u00f6ren-2-300x62.jpg 300w, https:\/\/www.skelleftejazz.se\/wp-content\/uploads\/2016\/07\/k\u00f6ren-2-768x157.jpg 768w\" alt=\"Skellefte\u00e5 Kammark\u00f6r\" width=\"985\" height=\"202\" \/><\/a><\/p>\n<p class=\"wp-caption-text\">Skellefte\u00e5 Kammark\u00f6r<\/p>\n<\/div>\n","protected":false},"excerpt":{"rendered":"<p>Anders L\u00f6fgren \u2013 bas, \u00c5sa Granlund Jonsson \u2013 s\u00e5ng och Olaf Schneider \u2013 piano m\u00f6ter Skellefte\u00e5 kammark\u00f6r. Olaf har skrivit n\u00e5gra nya arrangemang f\u00f6r k\u00f6ren. Det kommer att l\u00e5ta fint! Skellefte\u00e5 Kammark\u00f6r<\/p>\n","protected":false},"author":1,"featured_media":0,"comment_status":"closed","ping_status":"open","sticky":false,"template":"","format":"standard","meta":{"footnotes":""},"categories":[4],"tags":[],"class_list":["post-2941","post","type-post","status-publish","format-standard","hentry","category-uncategorized-2"],"_links":{"self":[{"href":"https:\/\/www.skelleftejazz.se\/index.php?rest_route=\/wp\/v2\/posts\/2941","targetHints":{"allow":["GET"]}}],"collection":[{"href":"https:\/\/www.skelleftejazz.se\/index.php?rest_route=\/wp\/v2\/posts"}],"about":[{"href":"https:\/\/www.skelleftejazz.se\/index.php?rest_route=\/wp\/v2\/types\/post"}],"author":[{"embeddable":true,"href":"https:\/\/www.skelleftejazz.se\/index.php?rest_route=\/wp\/v2\/users\/1"}],"replies":[{"embeddable":true,"href":"https:\/\/www.skelleftejazz.se\/index.php?rest_route=%2Fwp%2Fv2%2Fcomments&post=2941"}],"version-history":[{"count":1,"href":"https:\/\/www.skelleftejazz.se\/index.php?rest_route=\/wp\/v2\/posts\/2941\/revisions"}],"predecessor-version":[{"id":2942,"href":"https:\/\/www.skelleftejazz.se\/index.php?rest_route=\/wp\/v2\/posts\/2941\/revisions\/2942"}],"wp:attachment":[{"href":"https:\/\/www.skelleftejazz.se\/index.php?rest_route=%2Fwp%2Fv2%2Fmedia&parent=2941"}],"wp:term":[{"taxonomy":"category","embeddable":true,"href":"https:\/\/www.skelleftejazz.se\/index.php?rest_route=%2Fwp%2Fv2%2Fcategories&post=2941"},{"taxonomy":"post_tag","embeddable":true,"href":"https:\/\/www.skelleftejazz.se\/index.php?rest_route=%2Fwp%2Fv2%2Ftags&post=2941"}],"curies":[{"name":"wp","href":"https:\/\/api.w.org\/{rel}","templated":true}]}}