{"id":2930,"date":"2016-09-17T22:43:22","date_gmt":"2016-09-17T21:43:22","guid":{"rendered":"http:\/\/www.skelleftejazz.se\/?p=2930"},"modified":"2016-09-20T22:25:25","modified_gmt":"2016-09-20T21:25:25","slug":"lordag-2016-09-24-kl-1400-nordanateatern-var-blev-ni-av","status":"publish","type":"post","link":"https:\/\/www.skelleftejazz.se\/?p=2930","title":{"rendered":"L\u00f6rdag 2016-09-24 kl 14:00 Nordan\u00e5teatern. \u201cVar blev ni av?\u201d"},"content":{"rendered":"<p><strong>Musikf\u00f6rest\u00e4llningen \u201cVar blev ni av eller en svensk hund har inga r\u00e4nder.\u201d<\/strong><br \/>\n<a href=\"https:\/\/www.skelleftejazz.se\/wp-content\/uploads\/2016\/07\/hund.jpg\"><img loading=\"lazy\" decoding=\"async\" class=\"alignleft size-medium wp-image-2880\" src=\"https:\/\/www.skelleftejazz.se\/wp-content\/uploads\/2016\/07\/hund-300x214.jpg\" alt=\"Var blev ni av\" width=\"300\" height=\"214\" srcset=\"https:\/\/www.skelleftejazz.se\/wp-content\/uploads\/2016\/07\/hund-300x214.jpg 300w, https:\/\/www.skelleftejazz.se\/wp-content\/uploads\/2016\/07\/hund.jpg 700w\" sizes=\"auto, (max-width: 300px) 100vw, 300px\" \/><\/a>En f\u00f6rest\u00e4llning med Svenska Ords musik och text i botten.<\/p>\n<p><em>Anna-Karin Westerlund-s\u00e5ng, Lisa Bodelius-s\u00e5ng och trombon, Lisa Bj\u00f6r\u00e4nge-s\u00e5ng, Klas Toresson-sax och s\u00e5ng, Per M\u00f6rner Ringstr\u00f6m-s\u00e5ng, Gunnar \u00c5kerhielm-piano, Max Thornberg-bas, Wille Alin- trummor.<\/em><\/p>\n<p>Exempel ur f\u00f6rest\u00e4llningen:\u00a0<a href=\"https:\/\/www.youtube.com\/watch?v=ZAZpexv_6MM\" target=\"_blank\">youtube<\/a>\u00a0 Musik finns h\u00e4r:\u00a0<a href=\"https:\/\/soundcloud.com\/ensvenskhund\" target=\"_blank\">Soundcloud<\/a><\/p>\n<p>&nbsp;<\/p>\n<p>Ett samarbete med <strong>Skellefte\u00e5 Riksteaterf\u00f6rening<\/strong> och <strong>Norrlandsoperan<\/strong><\/p>\n<p><strong>Biljettinformation<\/strong>:\u00a0Pris 210.- Ungdom 150.-\u00a0Medlemsrabatt 50.-\u00a0F\u00f6rk\u00f6p via \u00a0Skellefte\u00e5 Riksteaterf\u00f6rening\u00a0Skepparg. 11 B, 0910-12503, \u00d6ppet tis, tors, fre 10-15 ons 12-17 eller \u00e4nnu b\u00e4ttre, klicka h\u00e4r\u2013&gt;\u00a0<a href=\"http:\/\/www.tickster.com\/sv\/events\/aymrbhh5cz5gyum\/2016-09-24\/var-blev-ni-av-en-svensk-hund-har-inga-rander\" target=\"_blank\"><strong>K\u00d6P BILJETT<\/strong><\/a><a href=\"http:\/\/www.tickster.com\/sv\/events\/aymrbhh5cz5gyum\/2016-09-24\/var-blev-ni-av-en-svensk-hund-har-inga-rander\" target=\"_blank\">\u00a0<\/a><\/p>\n","protected":false},"excerpt":{"rendered":"<p>Musikf\u00f6rest\u00e4llningen \u201cVar blev ni av eller en svensk hund har inga r\u00e4nder.\u201d En f\u00f6rest\u00e4llning med Svenska Ords musik och text i botten. Anna-Karin Westerlund-s\u00e5ng, Lisa Bodelius-s\u00e5ng och trombon, Lisa Bj\u00f6r\u00e4nge-s\u00e5ng, Klas Toresson-sax och s\u00e5ng, Per M\u00f6rner Ringstr\u00f6m-s\u00e5ng, Gunnar \u00c5kerhielm-piano, Max Thornberg-bas, Wille Alin- trummor. Exempel ur f\u00f6rest\u00e4llningen:\u00a0youtube\u00a0 Musik finns h\u00e4r:\u00a0Soundcloud &nbsp; Ett samarbete med Skellefte\u00e5&hellip; <a href=\"https:\/\/www.skelleftejazz.se\/?p=2930\" class=\"read-more\">Forts\u00e4tt l\u00e4sa L\u00f6rdag 2016-09-24 kl 14:00 Nordan\u00e5teatern. \u201cVar blev ni av?\u201d<\/a><\/p>\n","protected":false},"author":1,"featured_media":0,"comment_status":"closed","ping_status":"open","sticky":false,"template":"","format":"standard","meta":{"footnotes":""},"categories":[4],"tags":[],"class_list":["post-2930","post","type-post","status-publish","format-standard","hentry","category-uncategorized-2"],"_links":{"self":[{"href":"https:\/\/www.skelleftejazz.se\/index.php?rest_route=\/wp\/v2\/posts\/2930","targetHints":{"allow":["GET"]}}],"collection":[{"href":"https:\/\/www.skelleftejazz.se\/index.php?rest_route=\/wp\/v2\/posts"}],"about":[{"href":"https:\/\/www.skelleftejazz.se\/index.php?rest_route=\/wp\/v2\/types\/post"}],"author":[{"embeddable":true,"href":"https:\/\/www.skelleftejazz.se\/index.php?rest_route=\/wp\/v2\/users\/1"}],"replies":[{"embeddable":true,"href":"https:\/\/www.skelleftejazz.se\/index.php?rest_route=%2Fwp%2Fv2%2Fcomments&post=2930"}],"version-history":[{"count":5,"href":"https:\/\/www.skelleftejazz.se\/index.php?rest_route=\/wp\/v2\/posts\/2930\/revisions"}],"predecessor-version":[{"id":2937,"href":"https:\/\/www.skelleftejazz.se\/index.php?rest_route=\/wp\/v2\/posts\/2930\/revisions\/2937"}],"wp:attachment":[{"href":"https:\/\/www.skelleftejazz.se\/index.php?rest_route=%2Fwp%2Fv2%2Fmedia&parent=2930"}],"wp:term":[{"taxonomy":"category","embeddable":true,"href":"https:\/\/www.skelleftejazz.se\/index.php?rest_route=%2Fwp%2Fv2%2Fcategories&post=2930"},{"taxonomy":"post_tag","embeddable":true,"href":"https:\/\/www.skelleftejazz.se\/index.php?rest_route=%2Fwp%2Fv2%2Ftags&post=2930"}],"curies":[{"name":"wp","href":"https:\/\/api.w.org\/{rel}","templated":true}]}}