{"id":2916,"date":"2016-08-30T22:27:18","date_gmt":"2016-08-30T21:27:18","guid":{"rendered":"http:\/\/www.skelleftejazz.se\/?p=2916"},"modified":"2016-09-17T22:13:24","modified_gmt":"2016-09-17T21:13:24","slug":"lordag-2016-09-17-kl-1400-nordanateatern-sharon-clark-och-mattias-nilsson-trio","status":"publish","type":"post","link":"https:\/\/www.skelleftejazz.se\/?p=2916","title":{"rendered":"L\u00f6rdag 2016-09-17 kl 14:00 Nordan\u00e5teatern. Shar\u00f3n Clark och Mattias Nilsson trio."},"content":{"rendered":"<figure id=\"attachment_2874\" aria-describedby=\"caption-attachment-2874\" style=\"width: 211px\" class=\"wp-caption alignleft\"><a href=\"https:\/\/www.skelleftejazz.se\/wp-content\/uploads\/2016\/07\/sharon_quote_1.jpg\"><img loading=\"lazy\" decoding=\"async\" class=\"size-medium wp-image-2874\" src=\"https:\/\/www.skelleftejazz.se\/wp-content\/uploads\/2016\/07\/sharon_quote_1-211x300.jpg\" alt=\"Sharon Clark\" width=\"211\" height=\"300\" srcset=\"https:\/\/www.skelleftejazz.se\/wp-content\/uploads\/2016\/07\/sharon_quote_1-211x300.jpg 211w, https:\/\/www.skelleftejazz.se\/wp-content\/uploads\/2016\/07\/sharon_quote_1.jpg 227w\" sizes=\"auto, (max-width: 211px) 100vw, 211px\" \/><\/a><figcaption id=\"caption-attachment-2874\" class=\"wp-caption-text\">Sharon Clark<\/figcaption><\/figure>\n<p>Shar\u00f3n Clark \u00e4r en s\u00e5ngerska fr\u00e5n USA\u00a0som bes\u00f6kt Sverige flera\u00a0g\u00e5nger och d\u00e5 sjungit med\u00a0Mattias Nilsson och hans trio.\u00a0Bandets medlemmar \u00e4r, <em>Mattias Nilsson piano, Hans Backenroth bas, Jocke Ekberg trummor och Shar\u00f3n Clark s\u00e5ng.<\/em><\/p>\n<p>F\u00f6rest\u00e4llning i tv\u00e5 set med m\u00f6jlighet till f\u00f6rfriskningar\u00a0i pausen.<br \/>\n<strong>OBS! Tiden 14:00<\/strong><br \/>\nBiljetter vid d\u00f6rren, inget f\u00f6rk\u00f6p. Entr\u00e9 200.- medlem 150.- ungdom 0.-<\/p>\n<p>Lite exempel fr\u00e5n tidigare Sverigebes\u00f6k: <a href=\"https:\/\/www.youtube.com\/watch?v=dg2eomFYyrk\" target=\"_blank\">Youtube<br \/>\n<\/a><\/p>\n<p><i>From festivals across the U.S. to concert halls in Europe, Shar\u00f3n Clark brings audiences to their feet with her rich contralto and spot-on intonation. \u00a0\u201cClark not only conjures up memories of the divine Sarah [Vaughan]; she does them justice. I never thought I\u2019d hear a singer with the range, musicality and command of tone and timbre that was Sarah at her best, but now I have.\u201d \/JazzTimes<\/i><\/p>\n","protected":false},"excerpt":{"rendered":"<p>Shar\u00f3n Clark \u00e4r en s\u00e5ngerska fr\u00e5n USA\u00a0som bes\u00f6kt Sverige flera\u00a0g\u00e5nger och d\u00e5 sjungit med\u00a0Mattias Nilsson och hans trio.\u00a0Bandets medlemmar \u00e4r, Mattias Nilsson piano, Hans Backenroth bas, Jocke Ekberg trummor och Shar\u00f3n Clark s\u00e5ng. F\u00f6rest\u00e4llning i tv\u00e5 set med m\u00f6jlighet till f\u00f6rfriskningar\u00a0i pausen. OBS! Tiden 14:00 Biljetter vid d\u00f6rren, inget f\u00f6rk\u00f6p. Entr\u00e9 200.- medlem 150.- ungdom&hellip; <a href=\"https:\/\/www.skelleftejazz.se\/?p=2916\" class=\"read-more\">Forts\u00e4tt l\u00e4sa L\u00f6rdag 2016-09-17 kl 14:00 Nordan\u00e5teatern. Shar\u00f3n Clark och Mattias Nilsson trio.<\/a><\/p>\n","protected":false},"author":1,"featured_media":0,"comment_status":"closed","ping_status":"open","sticky":false,"template":"","format":"standard","meta":{"footnotes":""},"categories":[4],"tags":[],"class_list":["post-2916","post","type-post","status-publish","format-standard","hentry","category-uncategorized-2"],"_links":{"self":[{"href":"https:\/\/www.skelleftejazz.se\/index.php?rest_route=\/wp\/v2\/posts\/2916","targetHints":{"allow":["GET"]}}],"collection":[{"href":"https:\/\/www.skelleftejazz.se\/index.php?rest_route=\/wp\/v2\/posts"}],"about":[{"href":"https:\/\/www.skelleftejazz.se\/index.php?rest_route=\/wp\/v2\/types\/post"}],"author":[{"embeddable":true,"href":"https:\/\/www.skelleftejazz.se\/index.php?rest_route=\/wp\/v2\/users\/1"}],"replies":[{"embeddable":true,"href":"https:\/\/www.skelleftejazz.se\/index.php?rest_route=%2Fwp%2Fv2%2Fcomments&post=2916"}],"version-history":[{"count":3,"href":"https:\/\/www.skelleftejazz.se\/index.php?rest_route=\/wp\/v2\/posts\/2916\/revisions"}],"predecessor-version":[{"id":2928,"href":"https:\/\/www.skelleftejazz.se\/index.php?rest_route=\/wp\/v2\/posts\/2916\/revisions\/2928"}],"wp:attachment":[{"href":"https:\/\/www.skelleftejazz.se\/index.php?rest_route=%2Fwp%2Fv2%2Fmedia&parent=2916"}],"wp:term":[{"taxonomy":"category","embeddable":true,"href":"https:\/\/www.skelleftejazz.se\/index.php?rest_route=%2Fwp%2Fv2%2Fcategories&post=2916"},{"taxonomy":"post_tag","embeddable":true,"href":"https:\/\/www.skelleftejazz.se\/index.php?rest_route=%2Fwp%2Fv2%2Ftags&post=2916"}],"curies":[{"name":"wp","href":"https:\/\/api.w.org\/{rel}","templated":true}]}}