{"id":2844,"date":"2016-04-27T20:01:50","date_gmt":"2016-04-27T19:01:50","guid":{"rendered":"http:\/\/www.skelleftejazz.se\/?p=2844"},"modified":"2016-04-27T20:01:50","modified_gmt":"2016-04-27T19:01:50","slug":"nu-blev-det-sommaruppehall-i-verksamheten","status":"publish","type":"post","link":"https:\/\/www.skelleftejazz.se\/?p=2844","title":{"rendered":"Nu blev det sommaruppeh\u00e5ll i verksamheten"},"content":{"rendered":"<p>Men misstr\u00f6sta inte. Det dyker troligen upp lite jazz b\u00e5de h\u00e4r och d\u00e4r i sommar. Vi kommer med tips s\u00e5 fort vi vet n\u00e5got. Sk\u00f6t om er jazzdiggare! Den h\u00e4r bilden visar hur v\u00e4dret kommer att bli sommaren 2016!<\/p>\n<p><a href=\"https:\/\/www.skelleftejazz.se\/wp-content\/uploads\/2012\/08\/IMG_0433.jpg\"><img loading=\"lazy\" decoding=\"async\" class=\"aligncenter wp-image-1599 size-full\" src=\"https:\/\/www.skelleftejazz.se\/wp-content\/uploads\/2012\/08\/IMG_0433.jpg\" alt=\"IMG_0433\" width=\"5184\" height=\"3456\" \/><\/a><\/p>\n","protected":false},"excerpt":{"rendered":"<p>Men misstr\u00f6sta inte. Det dyker troligen upp lite jazz b\u00e5de h\u00e4r och d\u00e4r i sommar. Vi kommer med tips s\u00e5 fort vi vet n\u00e5got. Sk\u00f6t om er jazzdiggare! Den h\u00e4r bilden visar hur v\u00e4dret kommer att bli sommaren 2016!<\/p>\n","protected":false},"author":1,"featured_media":0,"comment_status":"closed","ping_status":"open","sticky":false,"template":"","format":"standard","meta":{"footnotes":""},"categories":[4],"tags":[],"class_list":["post-2844","post","type-post","status-publish","format-standard","hentry","category-uncategorized-2"],"_links":{"self":[{"href":"https:\/\/www.skelleftejazz.se\/index.php?rest_route=\/wp\/v2\/posts\/2844","targetHints":{"allow":["GET"]}}],"collection":[{"href":"https:\/\/www.skelleftejazz.se\/index.php?rest_route=\/wp\/v2\/posts"}],"about":[{"href":"https:\/\/www.skelleftejazz.se\/index.php?rest_route=\/wp\/v2\/types\/post"}],"author":[{"embeddable":true,"href":"https:\/\/www.skelleftejazz.se\/index.php?rest_route=\/wp\/v2\/users\/1"}],"replies":[{"embeddable":true,"href":"https:\/\/www.skelleftejazz.se\/index.php?rest_route=%2Fwp%2Fv2%2Fcomments&post=2844"}],"version-history":[{"count":1,"href":"https:\/\/www.skelleftejazz.se\/index.php?rest_route=\/wp\/v2\/posts\/2844\/revisions"}],"predecessor-version":[{"id":2845,"href":"https:\/\/www.skelleftejazz.se\/index.php?rest_route=\/wp\/v2\/posts\/2844\/revisions\/2845"}],"wp:attachment":[{"href":"https:\/\/www.skelleftejazz.se\/index.php?rest_route=%2Fwp%2Fv2%2Fmedia&parent=2844"}],"wp:term":[{"taxonomy":"category","embeddable":true,"href":"https:\/\/www.skelleftejazz.se\/index.php?rest_route=%2Fwp%2Fv2%2Fcategories&post=2844"},{"taxonomy":"post_tag","embeddable":true,"href":"https:\/\/www.skelleftejazz.se\/index.php?rest_route=%2Fwp%2Fv2%2Ftags&post=2844"}],"curies":[{"name":"wp","href":"https:\/\/api.w.org\/{rel}","templated":true}]}}