{"id":2817,"date":"2016-04-02T20:31:23","date_gmt":"2016-04-02T19:31:23","guid":{"rendered":"http:\/\/www.skelleftejazz.se\/?p=2817"},"modified":"2016-04-02T20:34:23","modified_gmt":"2016-04-02T19:34:23","slug":"lordag-9-april-1300-jazzkafe-alvy","status":"publish","type":"post","link":"https:\/\/www.skelleftejazz.se\/?p=2817","title":{"rendered":"L\u00f6rdag 9\u00a0april 13:00 Jazzkaf\u00e9 \u00c4lvy."},"content":{"rendered":"<p>Peter Fj\u00e4llstr\u00f6m kommer tillsammans med Holmstr\u00f6m\/Bergner trio till \u00c4lvy f\u00f6r att st\u00e4nga v\u00e5rens omg\u00e5ng. Lika spelglada som kompetenta.<\/p>\n<p>Gissningst\u00e4vling: N\u00e4r togs nedanst\u00e5ende bild och var?<\/p>\n<p><a href=\"https:\/\/www.skelleftejazz.se\/wp-content\/uploads\/2016\/04\/DSC00415.jpg\" rel=\"attachment wp-att-2818\"><img loading=\"lazy\" decoding=\"async\" class=\"alignleft size-medium wp-image-2818\" src=\"https:\/\/www.skelleftejazz.se\/wp-content\/uploads\/2016\/04\/DSC00415-300x225.jpg\" alt=\"DSC00415\" width=\"300\" height=\"225\" srcset=\"https:\/\/www.skelleftejazz.se\/wp-content\/uploads\/2016\/04\/DSC00415-300x225.jpg 300w, https:\/\/www.skelleftejazz.se\/wp-content\/uploads\/2016\/04\/DSC00415-768x576.jpg 768w, https:\/\/www.skelleftejazz.se\/wp-content\/uploads\/2016\/04\/DSC00415-1024x768.jpg 1024w\" sizes=\"auto, (max-width: 300px) 100vw, 300px\" \/><\/a><\/p>\n","protected":false},"excerpt":{"rendered":"<p>Peter Fj\u00e4llstr\u00f6m kommer tillsammans med Holmstr\u00f6m\/Bergner trio till \u00c4lvy f\u00f6r att st\u00e4nga v\u00e5rens omg\u00e5ng. Lika spelglada som kompetenta. Gissningst\u00e4vling: N\u00e4r togs nedanst\u00e5ende bild och var?<\/p>\n","protected":false},"author":1,"featured_media":0,"comment_status":"closed","ping_status":"open","sticky":false,"template":"","format":"standard","meta":{"footnotes":""},"categories":[4],"tags":[],"class_list":["post-2817","post","type-post","status-publish","format-standard","hentry","category-uncategorized-2"],"_links":{"self":[{"href":"https:\/\/www.skelleftejazz.se\/index.php?rest_route=\/wp\/v2\/posts\/2817","targetHints":{"allow":["GET"]}}],"collection":[{"href":"https:\/\/www.skelleftejazz.se\/index.php?rest_route=\/wp\/v2\/posts"}],"about":[{"href":"https:\/\/www.skelleftejazz.se\/index.php?rest_route=\/wp\/v2\/types\/post"}],"author":[{"embeddable":true,"href":"https:\/\/www.skelleftejazz.se\/index.php?rest_route=\/wp\/v2\/users\/1"}],"replies":[{"embeddable":true,"href":"https:\/\/www.skelleftejazz.se\/index.php?rest_route=%2Fwp%2Fv2%2Fcomments&post=2817"}],"version-history":[{"count":3,"href":"https:\/\/www.skelleftejazz.se\/index.php?rest_route=\/wp\/v2\/posts\/2817\/revisions"}],"predecessor-version":[{"id":2821,"href":"https:\/\/www.skelleftejazz.se\/index.php?rest_route=\/wp\/v2\/posts\/2817\/revisions\/2821"}],"wp:attachment":[{"href":"https:\/\/www.skelleftejazz.se\/index.php?rest_route=%2Fwp%2Fv2%2Fmedia&parent=2817"}],"wp:term":[{"taxonomy":"category","embeddable":true,"href":"https:\/\/www.skelleftejazz.se\/index.php?rest_route=%2Fwp%2Fv2%2Fcategories&post=2817"},{"taxonomy":"post_tag","embeddable":true,"href":"https:\/\/www.skelleftejazz.se\/index.php?rest_route=%2Fwp%2Fv2%2Ftags&post=2817"}],"curies":[{"name":"wp","href":"https:\/\/api.w.org\/{rel}","templated":true}]}}