{"id":2810,"date":"2016-03-21T11:18:50","date_gmt":"2016-03-21T10:18:50","guid":{"rendered":"http:\/\/www.skelleftejazz.se\/?p=2810"},"modified":"2016-03-21T11:19:37","modified_gmt":"2016-03-21T10:19:37","slug":"lordag-2-april-1300-jazzkafe-alvy","status":"publish","type":"post","link":"https:\/\/www.skelleftejazz.se\/?p=2810","title":{"rendered":"L\u00f6rdag 2\u00a0april 13:00 Jazzkaf\u00e9 \u00c4lvy"},"content":{"rendered":"<p>K.O.M.P Carl Orrje \u2013 Piano, Moussa Fadera \u2013 trummor och Patrik Boman \u2013 bas har tillsammans med s\u00e5ngerskan Kiralina Salandy \u2013 fr\u00e5n Canada \u2013 hittat en sk\u00f6n blandning av gospel, soul och jazz. Lyssna <a href=\"https:\/\/www.youtube.com\/watch?time_continue=78&amp;v=mTjwU-o0j-I\" target=\"_blank\">h\u00e4r<\/a>\u00a0eller <a href=\"https:\/\/www.youtube.com\/watch?v=Z16eFGIIigk\" target=\"_blank\">h\u00e4r<\/a>.<\/p>\n<p>Detta \u00e4r v\u00e5rens n\u00e4st sista kaf\u00e9. T\u00e4nk vad tiden g\u00e5r!<\/p>\n<div id=\"attachment_2720\" class=\"wp-caption alignleft\">\n<p><a href=\"https:\/\/www.skelleftejazz.se\/wp-content\/uploads\/2015\/12\/KOMP.jpg\" rel=\"attachment wp-att-2720\"><img loading=\"lazy\" decoding=\"async\" class=\"size-medium wp-image-2720\" src=\"https:\/\/www.skelleftejazz.se\/wp-content\/uploads\/2015\/12\/KOMP-300x200.jpg\" sizes=\"auto, (max-width: 300px) 100vw, 300px\" srcset=\"https:\/\/www.skelleftejazz.se\/wp-content\/uploads\/2015\/12\/KOMP-300x200.jpg 300w, https:\/\/www.skelleftejazz.se\/wp-content\/uploads\/2015\/12\/KOMP-768x513.jpg 768w, https:\/\/www.skelleftejazz.se\/wp-content\/uploads\/2015\/12\/KOMP-1024x684.jpg 1024w\" alt=\"K.O.M.P\" width=\"300\" height=\"200\" \/><\/a><\/p>\n<p class=\"wp-caption-text\">K.O.M.P<\/p>\n<\/div>\n","protected":false},"excerpt":{"rendered":"<p>K.O.M.P Carl Orrje \u2013 Piano, Moussa Fadera \u2013 trummor och Patrik Boman \u2013 bas har tillsammans med s\u00e5ngerskan Kiralina Salandy \u2013 fr\u00e5n Canada \u2013 hittat en sk\u00f6n blandning av gospel, soul och jazz. Lyssna h\u00e4r\u00a0eller h\u00e4r. Detta \u00e4r v\u00e5rens n\u00e4st sista kaf\u00e9. T\u00e4nk vad tiden g\u00e5r! K.O.M.P<\/p>\n","protected":false},"author":1,"featured_media":0,"comment_status":"closed","ping_status":"open","sticky":false,"template":"","format":"standard","meta":{"footnotes":""},"categories":[4],"tags":[],"class_list":["post-2810","post","type-post","status-publish","format-standard","hentry","category-uncategorized-2"],"_links":{"self":[{"href":"https:\/\/www.skelleftejazz.se\/index.php?rest_route=\/wp\/v2\/posts\/2810","targetHints":{"allow":["GET"]}}],"collection":[{"href":"https:\/\/www.skelleftejazz.se\/index.php?rest_route=\/wp\/v2\/posts"}],"about":[{"href":"https:\/\/www.skelleftejazz.se\/index.php?rest_route=\/wp\/v2\/types\/post"}],"author":[{"embeddable":true,"href":"https:\/\/www.skelleftejazz.se\/index.php?rest_route=\/wp\/v2\/users\/1"}],"replies":[{"embeddable":true,"href":"https:\/\/www.skelleftejazz.se\/index.php?rest_route=%2Fwp%2Fv2%2Fcomments&post=2810"}],"version-history":[{"count":2,"href":"https:\/\/www.skelleftejazz.se\/index.php?rest_route=\/wp\/v2\/posts\/2810\/revisions"}],"predecessor-version":[{"id":2812,"href":"https:\/\/www.skelleftejazz.se\/index.php?rest_route=\/wp\/v2\/posts\/2810\/revisions\/2812"}],"wp:attachment":[{"href":"https:\/\/www.skelleftejazz.se\/index.php?rest_route=%2Fwp%2Fv2%2Fmedia&parent=2810"}],"wp:term":[{"taxonomy":"category","embeddable":true,"href":"https:\/\/www.skelleftejazz.se\/index.php?rest_route=%2Fwp%2Fv2%2Fcategories&post=2810"},{"taxonomy":"post_tag","embeddable":true,"href":"https:\/\/www.skelleftejazz.se\/index.php?rest_route=%2Fwp%2Fv2%2Ftags&post=2810"}],"curies":[{"name":"wp","href":"https:\/\/api.w.org\/{rel}","templated":true}]}}