{"id":2779,"date":"2016-02-23T11:45:27","date_gmt":"2016-02-23T10:45:27","guid":{"rendered":"http:\/\/www.skelleftejazz.se\/?p=2779"},"modified":"2016-02-23T11:45:27","modified_gmt":"2016-02-23T10:45:27","slug":"lordag-27-feb-1300-jazzkafe-alvy-bengt-ek-kvartett","status":"publish","type":"post","link":"https:\/\/www.skelleftejazz.se\/?p=2779","title":{"rendered":"L\u00f6rdag 27 feb 13:00 Jazzkaf\u00e9 \u00c4lvy. Bengt Ek kvartett."},"content":{"rendered":"<p>Bengt Ek kvartett. Bengt har ett f\u00f6rflutet som tenorist i Norrbotten Big Band men njuter numera sitt otium och spelar dessemellan med sin kvartett n\u00e4r andan faller p\u00e5. Som i dag t.ex.\u00a0Det blir\u00a0standards samt egna l\u00e5tar som Bengt har\u00a0gjort. Bengt Ek \u2013 klarinett o. Sax. Joakim Toft \u2013 gitarr. Rune Vesterlund \u2013 Kontrabas. Kalevi Hyypp\u00e4 \u2013 trummor.<\/p>\n","protected":false},"excerpt":{"rendered":"<p>Bengt Ek kvartett. Bengt har ett f\u00f6rflutet som tenorist i Norrbotten Big Band men njuter numera sitt otium och spelar dessemellan med sin kvartett n\u00e4r andan faller p\u00e5. Som i dag t.ex.\u00a0Det blir\u00a0standards samt egna l\u00e5tar som Bengt har\u00a0gjort. Bengt Ek \u2013 klarinett o. Sax. Joakim Toft \u2013 gitarr. Rune Vesterlund \u2013 Kontrabas. Kalevi Hyypp\u00e4&hellip; <a href=\"https:\/\/www.skelleftejazz.se\/?p=2779\" class=\"read-more\">Forts\u00e4tt l\u00e4sa L\u00f6rdag 27 feb 13:00 Jazzkaf\u00e9 \u00c4lvy. Bengt Ek kvartett.<\/a><\/p>\n","protected":false},"author":1,"featured_media":0,"comment_status":"closed","ping_status":"open","sticky":false,"template":"","format":"standard","meta":{"footnotes":""},"categories":[4],"tags":[],"class_list":["post-2779","post","type-post","status-publish","format-standard","hentry","category-uncategorized-2"],"_links":{"self":[{"href":"https:\/\/www.skelleftejazz.se\/index.php?rest_route=\/wp\/v2\/posts\/2779","targetHints":{"allow":["GET"]}}],"collection":[{"href":"https:\/\/www.skelleftejazz.se\/index.php?rest_route=\/wp\/v2\/posts"}],"about":[{"href":"https:\/\/www.skelleftejazz.se\/index.php?rest_route=\/wp\/v2\/types\/post"}],"author":[{"embeddable":true,"href":"https:\/\/www.skelleftejazz.se\/index.php?rest_route=\/wp\/v2\/users\/1"}],"replies":[{"embeddable":true,"href":"https:\/\/www.skelleftejazz.se\/index.php?rest_route=%2Fwp%2Fv2%2Fcomments&post=2779"}],"version-history":[{"count":1,"href":"https:\/\/www.skelleftejazz.se\/index.php?rest_route=\/wp\/v2\/posts\/2779\/revisions"}],"predecessor-version":[{"id":2780,"href":"https:\/\/www.skelleftejazz.se\/index.php?rest_route=\/wp\/v2\/posts\/2779\/revisions\/2780"}],"wp:attachment":[{"href":"https:\/\/www.skelleftejazz.se\/index.php?rest_route=%2Fwp%2Fv2%2Fmedia&parent=2779"}],"wp:term":[{"taxonomy":"category","embeddable":true,"href":"https:\/\/www.skelleftejazz.se\/index.php?rest_route=%2Fwp%2Fv2%2Fcategories&post=2779"},{"taxonomy":"post_tag","embeddable":true,"href":"https:\/\/www.skelleftejazz.se\/index.php?rest_route=%2Fwp%2Fv2%2Ftags&post=2779"}],"curies":[{"name":"wp","href":"https:\/\/api.w.org\/{rel}","templated":true}]}}