{"id":2770,"date":"2016-02-14T13:14:58","date_gmt":"2016-02-14T12:14:58","guid":{"rendered":"http:\/\/www.skelleftejazz.se\/?p=2770"},"modified":"2016-02-16T16:07:01","modified_gmt":"2016-02-16T15:07:01","slug":"lordag-20-feb-1400-jazzkafe-alvy-en-hyllning-till-svend-asmussen-100-ar","status":"publish","type":"post","link":"https:\/\/www.skelleftejazz.se\/?p=2770","title":{"rendered":"L\u00f6rdag 20 feb 14:00 Jazzkaf\u00e9 \u00c4lvy. En hyllning till Svend Asmussen \u2013 100 \u00e5r."},"content":{"rendered":"<p>OBS! TIDEN 14:00<\/p>\n<div id=\"attachment_2695\" class=\"wp-caption alignright\">\n<p><a href=\"https:\/\/www.skelleftejazz.se\/wp-content\/uploads\/2015\/12\/Mads_solo_ljus.jpg\"><img loading=\"lazy\" decoding=\"async\" class=\"size-medium wp-image-2695\" src=\"https:\/\/www.skelleftejazz.se\/wp-content\/uploads\/2015\/12\/Mads_solo_ljus-300x258.jpg\" sizes=\"auto, (max-width: 300px) 100vw, 300px\" srcset=\"https:\/\/www.skelleftejazz.se\/wp-content\/uploads\/2015\/12\/Mads_solo_ljus-300x258.jpg 300w, https:\/\/www.skelleftejazz.se\/wp-content\/uploads\/2015\/12\/Mads_solo_ljus-1024x882.jpg 1024w, https:\/\/www.skelleftejazz.se\/wp-content\/uploads\/2015\/12\/Mads_solo_ljus.jpg 1250w\" alt=\"Mad Tolling\" width=\"300\" height=\"258\" \/><\/a><\/p>\n<p class=\"wp-caption-text\">Mads Tolling<\/p>\n<\/div>\n<p>Mads Tolling Quartet featuring Jacob Fischer.\u00a0Jazzikonen Svend Asmussen fyller 100 \u00e5r den 28 februari 2016! I dag\u00a0kommer violinisten Mads Tolling att hylla \u201dThe Fiddling Viking\u201d. Vi f\u00e5r en inblick i Svends l\u00e5nga karri\u00e4r. Vi kommer bland annat att f\u00e5 h\u00f6ra popul\u00e4ra l\u00e5tar s\u00e5som <em>Honeysuckle Rose, Jone Night<\/em>,\u00a0<em>Hambo om Bakfoten<\/em> och <em>Scandinavia Shuffle<\/em>.\u00a0Mads Tolling \u2013 violin,\u00a0Jacob Fischer \u2013 gitarr,\u00a0Morten Ankarfeldt \u2013 bas,\u00a0Karsten Bagge \u2013 trummor<br \/>\nOBS! Tiden kl 14:00<\/p>\n","protected":false},"excerpt":{"rendered":"<p>OBS! TIDEN 14:00 Mads Tolling Mads Tolling Quartet featuring Jacob Fischer.\u00a0Jazzikonen Svend Asmussen fyller 100 \u00e5r den 28 februari 2016! I dag\u00a0kommer violinisten Mads Tolling att hylla \u201dThe Fiddling Viking\u201d. Vi f\u00e5r en inblick i Svends l\u00e5nga karri\u00e4r. Vi kommer bland annat att f\u00e5 h\u00f6ra popul\u00e4ra l\u00e5tar s\u00e5som Honeysuckle Rose, Jone Night,\u00a0Hambo om Bakfoten och&hellip; <a href=\"https:\/\/www.skelleftejazz.se\/?p=2770\" class=\"read-more\">Forts\u00e4tt l\u00e4sa L\u00f6rdag 20 feb 14:00 Jazzkaf\u00e9 \u00c4lvy. En hyllning till Svend Asmussen \u2013 100 \u00e5r.<\/a><\/p>\n","protected":false},"author":1,"featured_media":0,"comment_status":"closed","ping_status":"open","sticky":false,"template":"","format":"standard","meta":{"footnotes":""},"categories":[4],"tags":[],"class_list":["post-2770","post","type-post","status-publish","format-standard","hentry","category-uncategorized-2"],"_links":{"self":[{"href":"https:\/\/www.skelleftejazz.se\/index.php?rest_route=\/wp\/v2\/posts\/2770","targetHints":{"allow":["GET"]}}],"collection":[{"href":"https:\/\/www.skelleftejazz.se\/index.php?rest_route=\/wp\/v2\/posts"}],"about":[{"href":"https:\/\/www.skelleftejazz.se\/index.php?rest_route=\/wp\/v2\/types\/post"}],"author":[{"embeddable":true,"href":"https:\/\/www.skelleftejazz.se\/index.php?rest_route=\/wp\/v2\/users\/1"}],"replies":[{"embeddable":true,"href":"https:\/\/www.skelleftejazz.se\/index.php?rest_route=%2Fwp%2Fv2%2Fcomments&post=2770"}],"version-history":[{"count":3,"href":"https:\/\/www.skelleftejazz.se\/index.php?rest_route=\/wp\/v2\/posts\/2770\/revisions"}],"predecessor-version":[{"id":2774,"href":"https:\/\/www.skelleftejazz.se\/index.php?rest_route=\/wp\/v2\/posts\/2770\/revisions\/2774"}],"wp:attachment":[{"href":"https:\/\/www.skelleftejazz.se\/index.php?rest_route=%2Fwp%2Fv2%2Fmedia&parent=2770"}],"wp:term":[{"taxonomy":"category","embeddable":true,"href":"https:\/\/www.skelleftejazz.se\/index.php?rest_route=%2Fwp%2Fv2%2Fcategories&post=2770"},{"taxonomy":"post_tag","embeddable":true,"href":"https:\/\/www.skelleftejazz.se\/index.php?rest_route=%2Fwp%2Fv2%2Ftags&post=2770"}],"curies":[{"name":"wp","href":"https:\/\/api.w.org\/{rel}","templated":true}]}}