{"id":2765,"date":"2016-02-08T19:14:24","date_gmt":"2016-02-08T18:14:24","guid":{"rendered":"http:\/\/www.skelleftejazz.se\/?p=2765"},"modified":"2016-02-08T19:14:52","modified_gmt":"2016-02-08T18:14:52","slug":"lordag-13-feb-1300-1600-nordanateatern-obs-andrad-lokal-bengan-janson-trio","status":"publish","type":"post","link":"https:\/\/www.skelleftejazz.se\/?p=2765","title":{"rendered":"L\u00f6rdag 13 feb. 13:00 &#8211; 16:00 Nordan\u00e5teatern (OBS! \u00e4ndrad lokal!)\u00a0&#8211; Bengan Janson trio"},"content":{"rendered":"<figure id=\"attachment_2710\" aria-describedby=\"caption-attachment-2710\" style=\"width: 300px\" class=\"wp-caption alignleft\"><a href=\"https:\/\/www.skelleftejazz.se\/wp-content\/uploads\/2015\/12\/bengan.jpg\" rel=\"attachment wp-att-2710\"><img loading=\"lazy\" decoding=\"async\" class=\"size-medium wp-image-2710\" src=\"https:\/\/www.skelleftejazz.se\/wp-content\/uploads\/2015\/12\/bengan-300x200.jpg\" alt=\"Bengan Jansson\" width=\"300\" height=\"200\" srcset=\"https:\/\/www.skelleftejazz.se\/wp-content\/uploads\/2015\/12\/bengan-300x200.jpg 300w, https:\/\/www.skelleftejazz.se\/wp-content\/uploads\/2015\/12\/bengan-768x512.jpg 768w, https:\/\/www.skelleftejazz.se\/wp-content\/uploads\/2015\/12\/bengan-1024x683.jpg 1024w, https:\/\/www.skelleftejazz.se\/wp-content\/uploads\/2015\/12\/bengan.jpg 1200w\" sizes=\"auto, (max-width: 300px) 100vw, 300px\" \/><\/a><figcaption id=\"caption-attachment-2710\" class=\"wp-caption-text\">Bengan Jansson<\/figcaption><\/figure>\n<p><strong>Bengan Janson trio<br \/>\n(OBS! Nordan\u00e5teatern)<\/strong><\/p>\n<p>Bengan Janson &#8211; Dragspel<br \/>\nArne Eriksson &#8211; Kontrabas<br \/>\nRickard Sandstr\u00f6m &#8211; Gitarr.<br \/>\nEftersom vintersimveckan p\u00e5g\u00e5r samtidigt kan du ta dig ett dopp i \u00e4lven innan. Vi lovar att alla som kommer i badbyxor f\u00e5r gratis intr\u00e4de.<\/p>\n<figure id=\"attachment_2745\" aria-describedby=\"caption-attachment-2745\" style=\"width: 300px\" class=\"wp-caption alignleft\"><a href=\"https:\/\/www.skelleftejazz.se\/wp-content\/uploads\/2015\/12\/BUB_5181.jpg\" rel=\"attachment wp-att-2745\"><img loading=\"lazy\" decoding=\"async\" class=\"size-medium wp-image-2745\" src=\"https:\/\/www.skelleftejazz.se\/wp-content\/uploads\/2015\/12\/BUB_5181-300x200.jpg\" alt=\"B\u00e4lgadraget\" width=\"300\" height=\"200\" srcset=\"https:\/\/www.skelleftejazz.se\/wp-content\/uploads\/2015\/12\/BUB_5181-300x200.jpg 300w, https:\/\/www.skelleftejazz.se\/wp-content\/uploads\/2015\/12\/BUB_5181-768x511.jpg 768w, https:\/\/www.skelleftejazz.se\/wp-content\/uploads\/2015\/12\/BUB_5181-1024x682.jpg 1024w\" sizes=\"auto, (max-width: 300px) 100vw, 300px\" \/><\/a><figcaption id=\"caption-attachment-2745\" class=\"wp-caption-text\">B\u00e4lgadraget<\/figcaption><\/figure>\n<p>F\u00f6r att f\u00e5 det riktigt festligt har vi ett\u00a0f\u00f6rband best\u00e5ende av <strong>B\u00e4lgadraget<\/strong> som kliver upp p\u00e5 scenen kl 13:00. Bengan och hans kompisar kommer med andan i halsen fr\u00e5n G\u00e4llivare och kliver upp p\u00e5 scenen kl 14:00. Observera tiderna! Entr\u00e9 150.- medlem 120.- studerande alltid gratis.<\/p>\n<p><span style=\"text-decoration: underline;\">Till ovanst\u00e5ende\u00a0evenemang kan f\u00f6rk\u00f6p g\u00f6ras via Turistbyr\u00e5n (f\u00f6rk\u00f6psavgift kan f\u00f6rekomma) eller p\u00e5 <a href=\"https:\/\/secure.tickster.com\/Intro.aspx?ERC=RUCDRE9214EMU0U\" target=\"_blank\">Tickster<\/a><\/span><\/p>\n","protected":false},"excerpt":{"rendered":"<p>Bengan Janson trio (OBS! Nordan\u00e5teatern) Bengan Janson &#8211; Dragspel Arne Eriksson &#8211; Kontrabas Rickard Sandstr\u00f6m &#8211; Gitarr. Eftersom vintersimveckan p\u00e5g\u00e5r samtidigt kan du ta dig ett dopp i \u00e4lven innan. Vi lovar att alla som kommer i badbyxor f\u00e5r gratis intr\u00e4de. F\u00f6r att f\u00e5 det riktigt festligt har vi ett\u00a0f\u00f6rband best\u00e5ende av B\u00e4lgadraget som kliver&hellip; <a href=\"https:\/\/www.skelleftejazz.se\/?p=2765\" class=\"read-more\">Forts\u00e4tt l\u00e4sa L\u00f6rdag 13 feb. 13:00 &#8211; 16:00 Nordan\u00e5teatern (OBS! \u00e4ndrad lokal!)\u00a0&#8211; Bengan Janson trio<\/a><\/p>\n","protected":false},"author":1,"featured_media":0,"comment_status":"closed","ping_status":"open","sticky":false,"template":"","format":"standard","meta":{"footnotes":""},"categories":[4],"tags":[],"class_list":["post-2765","post","type-post","status-publish","format-standard","hentry","category-uncategorized-2"],"_links":{"self":[{"href":"https:\/\/www.skelleftejazz.se\/index.php?rest_route=\/wp\/v2\/posts\/2765","targetHints":{"allow":["GET"]}}],"collection":[{"href":"https:\/\/www.skelleftejazz.se\/index.php?rest_route=\/wp\/v2\/posts"}],"about":[{"href":"https:\/\/www.skelleftejazz.se\/index.php?rest_route=\/wp\/v2\/types\/post"}],"author":[{"embeddable":true,"href":"https:\/\/www.skelleftejazz.se\/index.php?rest_route=\/wp\/v2\/users\/1"}],"replies":[{"embeddable":true,"href":"https:\/\/www.skelleftejazz.se\/index.php?rest_route=%2Fwp%2Fv2%2Fcomments&post=2765"}],"version-history":[{"count":2,"href":"https:\/\/www.skelleftejazz.se\/index.php?rest_route=\/wp\/v2\/posts\/2765\/revisions"}],"predecessor-version":[{"id":2767,"href":"https:\/\/www.skelleftejazz.se\/index.php?rest_route=\/wp\/v2\/posts\/2765\/revisions\/2767"}],"wp:attachment":[{"href":"https:\/\/www.skelleftejazz.se\/index.php?rest_route=%2Fwp%2Fv2%2Fmedia&parent=2765"}],"wp:term":[{"taxonomy":"category","embeddable":true,"href":"https:\/\/www.skelleftejazz.se\/index.php?rest_route=%2Fwp%2Fv2%2Fcategories&post=2765"},{"taxonomy":"post_tag","embeddable":true,"href":"https:\/\/www.skelleftejazz.se\/index.php?rest_route=%2Fwp%2Fv2%2Ftags&post=2765"}],"curies":[{"name":"wp","href":"https:\/\/api.w.org\/{rel}","templated":true}]}}