{"id":2753,"date":"2016-01-31T19:38:09","date_gmt":"2016-01-31T18:38:09","guid":{"rendered":"http:\/\/www.skelleftejazz.se\/?p=2753"},"modified":"2016-01-31T19:40:07","modified_gmt":"2016-01-31T18:40:07","slug":"lordag-6-feb-1300-jazzkafe-alvymed-staffan-obergs-nonet","status":"publish","type":"post","link":"https:\/\/www.skelleftejazz.se\/?p=2753","title":{"rendered":"L\u00f6rdag 6 feb. 13:00 Jazzkaf\u00e9 p\u00e5 \u00c4lvy med Staffan \u00d6bergs nonet"},"content":{"rendered":"<p><a href=\"https:\/\/www.skelleftejazz.se\/wp-content\/uploads\/2015\/12\/staffanO.jpg\" rel=\"attachment wp-att-2714\"><img loading=\"lazy\" decoding=\"async\" class=\"size-medium wp-image-2714 alignleft\" src=\"https:\/\/www.skelleftejazz.se\/wp-content\/uploads\/2015\/12\/staffanO-300x95.jpg\" sizes=\"auto, (max-width: 300px) 100vw, 300px\" srcset=\"https:\/\/www.skelleftejazz.se\/wp-content\/uploads\/2015\/12\/staffanO-300x95.jpg 300w, https:\/\/www.skelleftejazz.se\/wp-content\/uploads\/2015\/12\/staffanO.jpg 712w\" alt=\"Staffan \u00d6berg nonett\" width=\"300\" height=\"95\" \/><\/a><\/p>\n<p class=\"wp-caption-text\"><strong>L\u00f6rdag 6 feb. 13:00 Jazzkaf\u00e9 \u00c4lvy<br \/>\n<\/strong>med Staffan \u00d6bergs niomannaband.\u00a0 Eva Henriksson och Eilert Thulin trumpet, Lars-G\u00f6ran Ulander altsax, Petri Kivim\u00e4ki tenorsax, Staffan \u00d6berg barytonsax, Mikael Elofsson trombon, Thomas Olsson piano, Jan \u00d6stlund bas och Sten \u00d6berg trummor.<\/p>\n<p class=\"wp-caption-text\">Klicka p\u00e5 l\u00e4nken h\u00e4r\u00a0f\u00f6r en lite film fr\u00e5n bandets bes\u00f6k p\u00e5 Krokodil i Pite\u00e5 f\u00f6r ett tag sedan.\u00a0<a href=\"https:\/\/www.skelleftejazz.se\/wp-content\/uploads\/2015\/12\/staffanO.mp4\">Staffan \u00d6berg nonett<\/a><\/p>\n","protected":false},"excerpt":{"rendered":"<p>L\u00f6rdag 6 feb. 13:00 Jazzkaf\u00e9 \u00c4lvy med Staffan \u00d6bergs niomannaband.\u00a0 Eva Henriksson och Eilert Thulin trumpet, Lars-G\u00f6ran Ulander altsax, Petri Kivim\u00e4ki tenorsax, Staffan \u00d6berg barytonsax, Mikael Elofsson trombon, Thomas Olsson piano, Jan \u00d6stlund bas och Sten \u00d6berg trummor. Klicka p\u00e5 l\u00e4nken h\u00e4r\u00a0f\u00f6r en lite film fr\u00e5n bandets bes\u00f6k p\u00e5 Krokodil i Pite\u00e5 f\u00f6r ett tag&hellip; <a href=\"https:\/\/www.skelleftejazz.se\/?p=2753\" class=\"read-more\">Forts\u00e4tt l\u00e4sa L\u00f6rdag 6 feb. 13:00 Jazzkaf\u00e9 p\u00e5 \u00c4lvy med Staffan \u00d6bergs nonet<\/a><\/p>\n","protected":false},"author":1,"featured_media":0,"comment_status":"closed","ping_status":"open","sticky":false,"template":"","format":"standard","meta":{"footnotes":""},"categories":[4],"tags":[],"class_list":["post-2753","post","type-post","status-publish","format-standard","hentry","category-uncategorized-2"],"_links":{"self":[{"href":"https:\/\/www.skelleftejazz.se\/index.php?rest_route=\/wp\/v2\/posts\/2753","targetHints":{"allow":["GET"]}}],"collection":[{"href":"https:\/\/www.skelleftejazz.se\/index.php?rest_route=\/wp\/v2\/posts"}],"about":[{"href":"https:\/\/www.skelleftejazz.se\/index.php?rest_route=\/wp\/v2\/types\/post"}],"author":[{"embeddable":true,"href":"https:\/\/www.skelleftejazz.se\/index.php?rest_route=\/wp\/v2\/users\/1"}],"replies":[{"embeddable":true,"href":"https:\/\/www.skelleftejazz.se\/index.php?rest_route=%2Fwp%2Fv2%2Fcomments&post=2753"}],"version-history":[{"count":3,"href":"https:\/\/www.skelleftejazz.se\/index.php?rest_route=\/wp\/v2\/posts\/2753\/revisions"}],"predecessor-version":[{"id":2756,"href":"https:\/\/www.skelleftejazz.se\/index.php?rest_route=\/wp\/v2\/posts\/2753\/revisions\/2756"}],"wp:attachment":[{"href":"https:\/\/www.skelleftejazz.se\/index.php?rest_route=%2Fwp%2Fv2%2Fmedia&parent=2753"}],"wp:term":[{"taxonomy":"category","embeddable":true,"href":"https:\/\/www.skelleftejazz.se\/index.php?rest_route=%2Fwp%2Fv2%2Fcategories&post=2753"},{"taxonomy":"post_tag","embeddable":true,"href":"https:\/\/www.skelleftejazz.se\/index.php?rest_route=%2Fwp%2Fv2%2Ftags&post=2753"}],"curies":[{"name":"wp","href":"https:\/\/api.w.org\/{rel}","templated":true}]}}