{"id":2689,"date":"2015-12-08T12:26:09","date_gmt":"2015-12-08T11:26:09","guid":{"rendered":"http:\/\/www.skelleftejazz.se\/?p=2689"},"modified":"2016-01-24T03:19:18","modified_gmt":"2016-01-24T02:19:18","slug":"fredag-29-jan-kick-off-for-varen","status":"publish","type":"post","link":"https:\/\/www.skelleftejazz.se\/?p=2689","title":{"rendered":"Fredag 29 jan. Kick Off f\u00f6r v\u00e5ren."},"content":{"rendered":"<p>I samarbete med\u00a0<a href=\"https:\/\/www.skelleftejazz.se\/wp-content\/uploads\/2015\/12\/2016-01-06-22-27-49.jpg\" rel=\"attachment wp-att-2726\"><img loading=\"lazy\" decoding=\"async\" class=\" wp-image-2726 alignnone\" src=\"https:\/\/www.skelleftejazz.se\/wp-content\/uploads\/2015\/12\/2016-01-06-22-27-49.jpg\" alt=\"2016-01-06 22-27-49\" width=\"109\" height=\"28\" \/><\/a><\/p>\n<p>Mat och musik p\u00e5 Stadshotellet, festv\u00e5ningen. <strong>Melissa Aldana trio.<\/strong><\/p>\n<figure id=\"attachment_2685\" aria-describedby=\"caption-attachment-2685\" style=\"width: 200px\" class=\"wp-caption alignright\"><a href=\"https:\/\/www.skelleftejazz.se\/wp-content\/uploads\/2015\/12\/Melissa-Aldana.jpg\"><img loading=\"lazy\" decoding=\"async\" class=\"size-medium wp-image-2685\" src=\"https:\/\/www.skelleftejazz.se\/wp-content\/uploads\/2015\/12\/Melissa-Aldana-200x300.jpg\" alt=\"Melissa Aldana\" width=\"200\" height=\"300\" srcset=\"https:\/\/www.skelleftejazz.se\/wp-content\/uploads\/2015\/12\/Melissa-Aldana-200x300.jpg 200w, https:\/\/www.skelleftejazz.se\/wp-content\/uploads\/2015\/12\/Melissa-Aldana-683x1024.jpg 683w\" sizes=\"auto, (max-width: 200px) 100vw, 200px\" \/><\/a><figcaption id=\"caption-attachment-2685\" class=\"wp-caption-text\">Melissa Aldana<\/figcaption><\/figure>\n<p>Melissa Aldana kommer ursprungligen fr\u00e5n Chile och b\u00f6rjade med saxofon vid 6 \u00e5rs \u00e5lder. Hon fick sin farfars gamla Selmer Mark 6 tenorsax och den spelar hon fortfarande p\u00e5. Nu turnerar hon med sin USA-baserade trio med Alan Mednard trummor och Pablo Menares, kontrabas.<\/p>\n<p>En Italiensk buff\u00e9 serveras fr\u00e5n kl 19:30, musik fr\u00e5n 20:30. Vill man ta del av buff\u00e9n f\u00f6r 175.- m\u00e5ste man f\u00f6ranm\u00e4la. Entr\u00e9 250.- medlem 200.<\/p>\n<p><strong>(OBS! Tiden har felaktigt annonserats till 18:30. Vi f\u00f6rs\u00f6ker \u00f6ppna lokalen 19:00 och maten finns strax efter det. Beklagar misstaget!)<\/strong><\/p>\n<p>Bokning f\u00f6r matg\u00e4ster: Genom f\u00f6rk\u00f6p p\u00e5 Tickster, Turistbyr\u00e5n eller p\u00e5 tel 070-318 83 18. (Vi ser g\u00e4rna att \u00e4ven icke matg\u00e4ster f\u00f6rk\u00f6per.) F\u00f6rk\u00f6p klicka <a href=\"https:\/\/secure.tickster.com\/Intro.aspx?ERC=U21K6EPLHCG0U1V\" target=\"_blank\">H\u00c4R<\/a><\/p>\n<p>Melissas hemsida hittar du <a href=\"http:\/\/www.melissaaldana.com\/\" target=\"_blank\">H\u00c4R<\/a><\/p>\n","protected":false},"excerpt":{"rendered":"<p>I samarbete med\u00a0 Mat och musik p\u00e5 Stadshotellet, festv\u00e5ningen. Melissa Aldana trio. Melissa Aldana kommer ursprungligen fr\u00e5n Chile och b\u00f6rjade med saxofon vid 6 \u00e5rs \u00e5lder. Hon fick sin farfars gamla Selmer Mark 6 tenorsax och den spelar hon fortfarande p\u00e5. Nu turnerar hon med sin USA-baserade trio med Alan Mednard trummor och Pablo Menares,&hellip; <a href=\"https:\/\/www.skelleftejazz.se\/?p=2689\" class=\"read-more\">Forts\u00e4tt l\u00e4sa Fredag 29 jan. Kick Off f\u00f6r v\u00e5ren.<\/a><\/p>\n","protected":false},"author":1,"featured_media":0,"comment_status":"closed","ping_status":"open","sticky":false,"template":"","format":"standard","meta":{"footnotes":""},"categories":[4],"tags":[],"class_list":["post-2689","post","type-post","status-publish","format-standard","hentry","category-uncategorized-2"],"_links":{"self":[{"href":"https:\/\/www.skelleftejazz.se\/index.php?rest_route=\/wp\/v2\/posts\/2689","targetHints":{"allow":["GET"]}}],"collection":[{"href":"https:\/\/www.skelleftejazz.se\/index.php?rest_route=\/wp\/v2\/posts"}],"about":[{"href":"https:\/\/www.skelleftejazz.se\/index.php?rest_route=\/wp\/v2\/types\/post"}],"author":[{"embeddable":true,"href":"https:\/\/www.skelleftejazz.se\/index.php?rest_route=\/wp\/v2\/users\/1"}],"replies":[{"embeddable":true,"href":"https:\/\/www.skelleftejazz.se\/index.php?rest_route=%2Fwp%2Fv2%2Fcomments&post=2689"}],"version-history":[{"count":9,"href":"https:\/\/www.skelleftejazz.se\/index.php?rest_route=\/wp\/v2\/posts\/2689\/revisions"}],"predecessor-version":[{"id":2738,"href":"https:\/\/www.skelleftejazz.se\/index.php?rest_route=\/wp\/v2\/posts\/2689\/revisions\/2738"}],"wp:attachment":[{"href":"https:\/\/www.skelleftejazz.se\/index.php?rest_route=%2Fwp%2Fv2%2Fmedia&parent=2689"}],"wp:term":[{"taxonomy":"category","embeddable":true,"href":"https:\/\/www.skelleftejazz.se\/index.php?rest_route=%2Fwp%2Fv2%2Fcategories&post=2689"},{"taxonomy":"post_tag","embeddable":true,"href":"https:\/\/www.skelleftejazz.se\/index.php?rest_route=%2Fwp%2Fv2%2Ftags&post=2689"}],"curies":[{"name":"wp","href":"https:\/\/api.w.org\/{rel}","templated":true}]}}