{"id":2660,"date":"2015-11-16T23:44:05","date_gmt":"2015-11-16T22:44:05","guid":{"rendered":"http:\/\/www.skelleftejazz.se\/?p=2660"},"modified":"2015-11-16T23:46:29","modified_gmt":"2015-11-16T22:46:29","slug":"lordag-2015-11-21-kl-1300-alvy-jazzkandidater-pa-jazzkafe","status":"publish","type":"post","link":"https:\/\/www.skelleftejazz.se\/?p=2660","title":{"rendered":"L\u00f6rdag 2015-11-21 kl 13:00 \u00c4lvy. Jazzkandidater p\u00e5 Jazzkaf\u00e9"},"content":{"rendered":"<p>Dessa musiker fr\u00e5n Pite\u00e5 har bes\u00f6kt oss tidigare:\u00a0Elvira sax,\u00a0Pierre trummor,\u00a0Adam bas, \u00a0Melina s\u00e5ng,\u00a0Kristian piano,\u00a0Johan gitarr. V\u00e4lkomna tillbaka!<\/p>\n<p><a href=\"https:\/\/www.skelleftejazz.se\/wp-content\/uploads\/2015\/11\/unnamed.jpg\"><img loading=\"lazy\" decoding=\"async\" class=\"aligncenter size-full wp-image-2661\" src=\"https:\/\/www.skelleftejazz.se\/wp-content\/uploads\/2015\/11\/unnamed.jpg\" alt=\"unnamed\" width=\"901\" height=\"399\" srcset=\"https:\/\/www.skelleftejazz.se\/wp-content\/uploads\/2015\/11\/unnamed.jpg 901w, https:\/\/www.skelleftejazz.se\/wp-content\/uploads\/2015\/11\/unnamed-300x133.jpg 300w\" sizes=\"auto, (max-width: 901px) 100vw, 901px\" \/><\/a><\/p>\n","protected":false},"excerpt":{"rendered":"<p>Dessa musiker fr\u00e5n Pite\u00e5 har bes\u00f6kt oss tidigare:\u00a0Elvira sax,\u00a0Pierre trummor,\u00a0Adam bas, \u00a0Melina s\u00e5ng,\u00a0Kristian piano,\u00a0Johan gitarr. V\u00e4lkomna tillbaka!<\/p>\n","protected":false},"author":1,"featured_media":0,"comment_status":"closed","ping_status":"open","sticky":false,"template":"","format":"standard","meta":{"footnotes":""},"categories":[4],"tags":[],"class_list":["post-2660","post","type-post","status-publish","format-standard","hentry","category-uncategorized-2"],"_links":{"self":[{"href":"https:\/\/www.skelleftejazz.se\/index.php?rest_route=\/wp\/v2\/posts\/2660","targetHints":{"allow":["GET"]}}],"collection":[{"href":"https:\/\/www.skelleftejazz.se\/index.php?rest_route=\/wp\/v2\/posts"}],"about":[{"href":"https:\/\/www.skelleftejazz.se\/index.php?rest_route=\/wp\/v2\/types\/post"}],"author":[{"embeddable":true,"href":"https:\/\/www.skelleftejazz.se\/index.php?rest_route=\/wp\/v2\/users\/1"}],"replies":[{"embeddable":true,"href":"https:\/\/www.skelleftejazz.se\/index.php?rest_route=%2Fwp%2Fv2%2Fcomments&post=2660"}],"version-history":[{"count":1,"href":"https:\/\/www.skelleftejazz.se\/index.php?rest_route=\/wp\/v2\/posts\/2660\/revisions"}],"predecessor-version":[{"id":2662,"href":"https:\/\/www.skelleftejazz.se\/index.php?rest_route=\/wp\/v2\/posts\/2660\/revisions\/2662"}],"wp:attachment":[{"href":"https:\/\/www.skelleftejazz.se\/index.php?rest_route=%2Fwp%2Fv2%2Fmedia&parent=2660"}],"wp:term":[{"taxonomy":"category","embeddable":true,"href":"https:\/\/www.skelleftejazz.se\/index.php?rest_route=%2Fwp%2Fv2%2Fcategories&post=2660"},{"taxonomy":"post_tag","embeddable":true,"href":"https:\/\/www.skelleftejazz.se\/index.php?rest_route=%2Fwp%2Fv2%2Ftags&post=2660"}],"curies":[{"name":"wp","href":"https:\/\/api.w.org\/{rel}","templated":true}]}}