{"id":2652,"date":"2015-11-04T16:06:44","date_gmt":"2015-11-04T15:06:44","guid":{"rendered":"http:\/\/www.skelleftejazz.se\/?p=2652"},"modified":"2015-11-04T16:06:44","modified_gmt":"2015-11-04T15:06:44","slug":"lordag-2015-11-07-kl-1300-alvy-jan-lundberg-septet","status":"publish","type":"post","link":"https:\/\/www.skelleftejazz.se\/?p=2652","title":{"rendered":"L\u00f6rdag 2015-11-07 kl 13:00 \u00c4lvy Jan Lundberg septet"},"content":{"rendered":"<p>Dags igen f\u00f6r v\u00e5r sv\u00e4ngiga blandorkester med medlemmar fr\u00e5n b\u00e5de Lule\u00e5, Pite\u00e5 och Skellefte\u00e5.<\/p>\n<p>Jan Lundberg sax och\u00a0klarinett, Amanda Clarin trumpet och s\u00e5ng, Erik Holmstr\u00f6m vibrafon, Johan Tegheim piano, Joachim Toft gitarr, Roger Stenberg bas och Ulf Degerman trummor.<\/p>\n","protected":false},"excerpt":{"rendered":"<p>Dags igen f\u00f6r v\u00e5r sv\u00e4ngiga blandorkester med medlemmar fr\u00e5n b\u00e5de Lule\u00e5, Pite\u00e5 och Skellefte\u00e5. Jan Lundberg sax och\u00a0klarinett, Amanda Clarin trumpet och s\u00e5ng, Erik Holmstr\u00f6m vibrafon, Johan Tegheim piano, Joachim Toft gitarr, Roger Stenberg bas och Ulf Degerman trummor.<\/p>\n","protected":false},"author":1,"featured_media":0,"comment_status":"closed","ping_status":"open","sticky":false,"template":"","format":"standard","meta":{"footnotes":""},"categories":[4],"tags":[],"class_list":["post-2652","post","type-post","status-publish","format-standard","hentry","category-uncategorized-2"],"_links":{"self":[{"href":"https:\/\/www.skelleftejazz.se\/index.php?rest_route=\/wp\/v2\/posts\/2652","targetHints":{"allow":["GET"]}}],"collection":[{"href":"https:\/\/www.skelleftejazz.se\/index.php?rest_route=\/wp\/v2\/posts"}],"about":[{"href":"https:\/\/www.skelleftejazz.se\/index.php?rest_route=\/wp\/v2\/types\/post"}],"author":[{"embeddable":true,"href":"https:\/\/www.skelleftejazz.se\/index.php?rest_route=\/wp\/v2\/users\/1"}],"replies":[{"embeddable":true,"href":"https:\/\/www.skelleftejazz.se\/index.php?rest_route=%2Fwp%2Fv2%2Fcomments&post=2652"}],"version-history":[{"count":1,"href":"https:\/\/www.skelleftejazz.se\/index.php?rest_route=\/wp\/v2\/posts\/2652\/revisions"}],"predecessor-version":[{"id":2653,"href":"https:\/\/www.skelleftejazz.se\/index.php?rest_route=\/wp\/v2\/posts\/2652\/revisions\/2653"}],"wp:attachment":[{"href":"https:\/\/www.skelleftejazz.se\/index.php?rest_route=%2Fwp%2Fv2%2Fmedia&parent=2652"}],"wp:term":[{"taxonomy":"category","embeddable":true,"href":"https:\/\/www.skelleftejazz.se\/index.php?rest_route=%2Fwp%2Fv2%2Fcategories&post=2652"},{"taxonomy":"post_tag","embeddable":true,"href":"https:\/\/www.skelleftejazz.se\/index.php?rest_route=%2Fwp%2Fv2%2Ftags&post=2652"}],"curies":[{"name":"wp","href":"https:\/\/api.w.org\/{rel}","templated":true}]}}