{"id":2631,"date":"2015-10-09T21:11:43","date_gmt":"2015-10-09T20:11:43","guid":{"rendered":"http:\/\/www.skelleftejazz.se\/?p=2631"},"modified":"2015-10-09T21:33:47","modified_gmt":"2015-10-09T20:33:47","slug":"lordag-2015-10-17-kl-1300-alvy-pop","status":"publish","type":"post","link":"https:\/\/www.skelleftejazz.se\/?p=2631","title":{"rendered":"L\u00f6rdag\u00a02015-10-17 kl 13:00 \u00c4lvy. PoP"},"content":{"rendered":"<p><a href=\"https:\/\/www.skelleftejazz.se\/wp-content\/uploads\/2015\/10\/pop.jpg\"><img loading=\"lazy\" decoding=\"async\" class=\"aligncenter size-full wp-image-2633\" src=\"https:\/\/www.skelleftejazz.se\/wp-content\/uploads\/2015\/10\/pop.jpg\" alt=\"pop\" width=\"836\" height=\"415\" srcset=\"https:\/\/www.skelleftejazz.se\/wp-content\/uploads\/2015\/10\/pop.jpg 836w, https:\/\/www.skelleftejazz.se\/wp-content\/uploads\/2015\/10\/pop-300x149.jpg 300w\" sizes=\"auto, (max-width: 836px) 100vw, 836px\" \/><\/a><\/p>\n<p>PoP skall l\u00e4sas som Peter &amp; Peter dvs Peter Lindqvist och Peter Nygren.\u00a0Musikstilen \u00e4r genomarrangerad &#8221;fusion&#8221; med tonvikt p\u00e5 bl\u00e5ssektionen.<\/p>\n<p>Peter Lindqvist \u00a0Tenorsax,\u00a0Henrik Blomm\u00e9 \u00a0Altsax,\u00a0Peter Nygren \u00a0Trombon,\u00a0Hans Hjortek \u00a0Keyboard arrangemang,\u00a0Rikard Frohm Keyboard orgel,\u00a0G\u00f6ran Turborn Gitarr,\u00a0Anders L\u00f6vgren \u00a0Bas,\u00a0Per Mikaelsson \u00a0Trummor,\u00a0Mikael Emsing \u00a0Slagverk<\/p>\n<p>L\u00e5texempel:\u00a0<a href=\"https:\/\/www.youtube.com\/watch?t=4&amp;v=mjRp3YZOjjA\" target=\"_blank\">https:\/\/www.youtube.com\/watch?t=4&amp;v=mjRp3YZOjjA<\/a><\/p>\n","protected":false},"excerpt":{"rendered":"<p>PoP skall l\u00e4sas som Peter &amp; Peter dvs Peter Lindqvist och Peter Nygren.\u00a0Musikstilen \u00e4r genomarrangerad &#8221;fusion&#8221; med tonvikt p\u00e5 bl\u00e5ssektionen. Peter Lindqvist \u00a0Tenorsax,\u00a0Henrik Blomm\u00e9 \u00a0Altsax,\u00a0Peter Nygren \u00a0Trombon,\u00a0Hans Hjortek \u00a0Keyboard arrangemang,\u00a0Rikard Frohm Keyboard orgel,\u00a0G\u00f6ran Turborn Gitarr,\u00a0Anders L\u00f6vgren \u00a0Bas,\u00a0Per Mikaelsson \u00a0Trummor,\u00a0Mikael Emsing \u00a0Slagverk L\u00e5texempel:\u00a0https:\/\/www.youtube.com\/watch?t=4&amp;v=mjRp3YZOjjA<\/p>\n","protected":false},"author":1,"featured_media":0,"comment_status":"closed","ping_status":"open","sticky":false,"template":"","format":"standard","meta":{"footnotes":""},"categories":[4],"tags":[],"class_list":["post-2631","post","type-post","status-publish","format-standard","hentry","category-uncategorized-2"],"_links":{"self":[{"href":"https:\/\/www.skelleftejazz.se\/index.php?rest_route=\/wp\/v2\/posts\/2631","targetHints":{"allow":["GET"]}}],"collection":[{"href":"https:\/\/www.skelleftejazz.se\/index.php?rest_route=\/wp\/v2\/posts"}],"about":[{"href":"https:\/\/www.skelleftejazz.se\/index.php?rest_route=\/wp\/v2\/types\/post"}],"author":[{"embeddable":true,"href":"https:\/\/www.skelleftejazz.se\/index.php?rest_route=\/wp\/v2\/users\/1"}],"replies":[{"embeddable":true,"href":"https:\/\/www.skelleftejazz.se\/index.php?rest_route=%2Fwp%2Fv2%2Fcomments&post=2631"}],"version-history":[{"count":4,"href":"https:\/\/www.skelleftejazz.se\/index.php?rest_route=\/wp\/v2\/posts\/2631\/revisions"}],"predecessor-version":[{"id":2637,"href":"https:\/\/www.skelleftejazz.se\/index.php?rest_route=\/wp\/v2\/posts\/2631\/revisions\/2637"}],"wp:attachment":[{"href":"https:\/\/www.skelleftejazz.se\/index.php?rest_route=%2Fwp%2Fv2%2Fmedia&parent=2631"}],"wp:term":[{"taxonomy":"category","embeddable":true,"href":"https:\/\/www.skelleftejazz.se\/index.php?rest_route=%2Fwp%2Fv2%2Fcategories&post=2631"},{"taxonomy":"post_tag","embeddable":true,"href":"https:\/\/www.skelleftejazz.se\/index.php?rest_route=%2Fwp%2Fv2%2Ftags&post=2631"}],"curies":[{"name":"wp","href":"https:\/\/api.w.org\/{rel}","templated":true}]}}