{"id":2596,"date":"2015-08-31T19:03:38","date_gmt":"2015-08-31T18:03:38","guid":{"rendered":"http:\/\/www.skelleftejazz.se\/?p=2596"},"modified":"2015-09-22T11:43:09","modified_gmt":"2015-09-22T10:43:09","slug":"lordag-2015-09-26-kl-1300-alvy-arets-forsta-jazzkafe","status":"publish","type":"post","link":"https:\/\/www.skelleftejazz.se\/?p=2596","title":{"rendered":"L\u00f6rdag\u00a02015-09-26 kl 13:00 \u00c4lvy. \u00c5rets f\u00f6rsta Jazzkaf\u00e9"},"content":{"rendered":"<p>Nu p\u00e5 l\u00f6rdag 26 september brakar musikh\u00f6sten\u00a0loss och vi rekommenderar tv\u00e5 event samma dag.<\/p>\n<p>1. <strong>Jazzkaf\u00e9 p\u00e5 \u00c4lvy kl 13:00<\/strong>. Lage Johanssons kvartett och Susanne Nordin st\u00e5r f\u00f6r musiken. OBS! Gratis f\u00f6r jazzklubbens medlemmar. \u00d6vriga f\u00e5r pynta upp futtiga 120.- Skolungdom dock ingenting. En insamling till R\u00e4dda Barnen kommer att g\u00f6ras. Vi tar b\u00e5de kort och Swish numera.<\/p>\n<div class=\"text_exposed_show\">\n<p>2. <strong>Konsert med Reclaim The Music Nordan\u00e5teatern 26\/9 kl 19.00<\/strong><br \/>\nReclaim The Music best\u00e5r av 13 musiker fr\u00e5n Skellefte\u00e5. P\u00e5 s\u00e5ng h\u00f6rs: Peter Fj\u00e4llstr\u00f6m, \u00c5sa Granlund Jonsson och Christina J L\u00f6vbom. Musiken som spelas kommer fr\u00e5n det gyllene 70- och 80-talet. Earth, Wind &amp; Fire, Chaka Khan, Chicago, Gino Vannelli och m\u00e5nga fler fr\u00e5n den epoken st\u00e5r f\u00f6r l\u00e5tlistan. Bandet, med tre s\u00e5ngare, fem bl\u00e5sare och en fullt utbyggd kompsektion spelar sina favoritl\u00e5tar. En v\u00e4l tilltagen paus med servering uppmuntrar till mingel och samvaro.<\/p>\n<p>Beh\u00e5llning sk\u00e4nks till Radiohj\u00e4lpen FLYKT<\/p>\n<p>Biljetter finns p\u00e5 Ticnet och Skellefte\u00e5 Turistbyr\u00e5. 225kr inkl avgifter<\/p>\n<p>S\u00e5 h\u00e4r Lages g\u00e4ng ut vid en sommarspelning i Nordan\u00e5parken.<br \/>\n<a href=\"https:\/\/www.skelleftejazz.se\/wp-content\/uploads\/2015\/08\/lages.jpg\"><img loading=\"lazy\" decoding=\"async\" class=\"aligncenter size-full wp-image-2601\" src=\"https:\/\/www.skelleftejazz.se\/wp-content\/uploads\/2015\/08\/lages.jpg\" alt=\"lages\" width=\"938\" height=\"445\" srcset=\"https:\/\/www.skelleftejazz.se\/wp-content\/uploads\/2015\/08\/lages.jpg 938w, https:\/\/www.skelleftejazz.se\/wp-content\/uploads\/2015\/08\/lages-300x142.jpg 300w\" sizes=\"auto, (max-width: 938px) 100vw, 938px\" \/><\/a><\/p>\n<\/div>\n","protected":false},"excerpt":{"rendered":"<p>Nu p\u00e5 l\u00f6rdag 26 september brakar musikh\u00f6sten\u00a0loss och vi rekommenderar tv\u00e5 event samma dag. 1. Jazzkaf\u00e9 p\u00e5 \u00c4lvy kl 13:00. Lage Johanssons kvartett och Susanne Nordin st\u00e5r f\u00f6r musiken. OBS! Gratis f\u00f6r jazzklubbens medlemmar. \u00d6vriga f\u00e5r pynta upp futtiga 120.- Skolungdom dock ingenting. En insamling till R\u00e4dda Barnen kommer att g\u00f6ras. Vi tar b\u00e5de kort&hellip; <a href=\"https:\/\/www.skelleftejazz.se\/?p=2596\" class=\"read-more\">Forts\u00e4tt l\u00e4sa L\u00f6rdag\u00a02015-09-26 kl 13:00 \u00c4lvy. \u00c5rets f\u00f6rsta Jazzkaf\u00e9<\/a><\/p>\n","protected":false},"author":1,"featured_media":0,"comment_status":"closed","ping_status":"open","sticky":false,"template":"","format":"standard","meta":{"footnotes":""},"categories":[4],"tags":[],"class_list":["post-2596","post","type-post","status-publish","format-standard","hentry","category-uncategorized-2"],"_links":{"self":[{"href":"https:\/\/www.skelleftejazz.se\/index.php?rest_route=\/wp\/v2\/posts\/2596","targetHints":{"allow":["GET"]}}],"collection":[{"href":"https:\/\/www.skelleftejazz.se\/index.php?rest_route=\/wp\/v2\/posts"}],"about":[{"href":"https:\/\/www.skelleftejazz.se\/index.php?rest_route=\/wp\/v2\/types\/post"}],"author":[{"embeddable":true,"href":"https:\/\/www.skelleftejazz.se\/index.php?rest_route=\/wp\/v2\/users\/1"}],"replies":[{"embeddable":true,"href":"https:\/\/www.skelleftejazz.se\/index.php?rest_route=%2Fwp%2Fv2%2Fcomments&post=2596"}],"version-history":[{"count":4,"href":"https:\/\/www.skelleftejazz.se\/index.php?rest_route=\/wp\/v2\/posts\/2596\/revisions"}],"predecessor-version":[{"id":2602,"href":"https:\/\/www.skelleftejazz.se\/index.php?rest_route=\/wp\/v2\/posts\/2596\/revisions\/2602"}],"wp:attachment":[{"href":"https:\/\/www.skelleftejazz.se\/index.php?rest_route=%2Fwp%2Fv2%2Fmedia&parent=2596"}],"wp:term":[{"taxonomy":"category","embeddable":true,"href":"https:\/\/www.skelleftejazz.se\/index.php?rest_route=%2Fwp%2Fv2%2Fcategories&post=2596"},{"taxonomy":"post_tag","embeddable":true,"href":"https:\/\/www.skelleftejazz.se\/index.php?rest_route=%2Fwp%2Fv2%2Ftags&post=2596"}],"curies":[{"name":"wp","href":"https:\/\/api.w.org\/{rel}","templated":true}]}}