{"id":2593,"date":"2015-08-24T13:24:17","date_gmt":"2015-08-24T12:24:17","guid":{"rendered":"http:\/\/www.skelleftejazz.se\/?p=2593"},"modified":"2015-08-24T13:24:17","modified_gmt":"2015-08-24T12:24:17","slug":"torsdag-2015-08-27-1900-coasters-per-odberg-trio","status":"publish","type":"post","link":"https:\/\/www.skelleftejazz.se\/?p=2593","title":{"rendered":"Torsdag\u00a02015-08-27 19:00 Coasters. Per \u00d6dberg trio"},"content":{"rendered":"<p>Per \u00d6dberg \u00e4r ute p\u00e5 releaseturn\u00e9 med sin senaste skiva som heter Perception<br \/>\nPer \u00d6dberg \u2013 nylon- och elgitarr,\u00a0Peter Janson \u2013 kontrabas,\u00a0Magnus Gran \u2013 trummor<br \/>\n<strong>Boka g\u00e4rna bord p\u00e5\u00a00910-147 00<\/strong> mat och musik \u00e4r en utm\u00e4rkt kombination.<\/p>\n<p>En kv\u00e4ll p\u00e5 Coasters \u00e4r ett utm\u00e4rkt s\u00e4tt att inled matfesten<\/p>\n","protected":false},"excerpt":{"rendered":"<p>Per \u00d6dberg \u00e4r ute p\u00e5 releaseturn\u00e9 med sin senaste skiva som heter Perception Per \u00d6dberg \u2013 nylon- och elgitarr,\u00a0Peter Janson \u2013 kontrabas,\u00a0Magnus Gran \u2013 trummor Boka g\u00e4rna bord p\u00e5\u00a00910-147 00 mat och musik \u00e4r en utm\u00e4rkt kombination. En kv\u00e4ll p\u00e5 Coasters \u00e4r ett utm\u00e4rkt s\u00e4tt att inled matfesten<\/p>\n","protected":false},"author":1,"featured_media":0,"comment_status":"closed","ping_status":"open","sticky":false,"template":"","format":"standard","meta":{"footnotes":""},"categories":[4],"tags":[],"class_list":["post-2593","post","type-post","status-publish","format-standard","hentry","category-uncategorized-2"],"_links":{"self":[{"href":"https:\/\/www.skelleftejazz.se\/index.php?rest_route=\/wp\/v2\/posts\/2593","targetHints":{"allow":["GET"]}}],"collection":[{"href":"https:\/\/www.skelleftejazz.se\/index.php?rest_route=\/wp\/v2\/posts"}],"about":[{"href":"https:\/\/www.skelleftejazz.se\/index.php?rest_route=\/wp\/v2\/types\/post"}],"author":[{"embeddable":true,"href":"https:\/\/www.skelleftejazz.se\/index.php?rest_route=\/wp\/v2\/users\/1"}],"replies":[{"embeddable":true,"href":"https:\/\/www.skelleftejazz.se\/index.php?rest_route=%2Fwp%2Fv2%2Fcomments&post=2593"}],"version-history":[{"count":1,"href":"https:\/\/www.skelleftejazz.se\/index.php?rest_route=\/wp\/v2\/posts\/2593\/revisions"}],"predecessor-version":[{"id":2594,"href":"https:\/\/www.skelleftejazz.se\/index.php?rest_route=\/wp\/v2\/posts\/2593\/revisions\/2594"}],"wp:attachment":[{"href":"https:\/\/www.skelleftejazz.se\/index.php?rest_route=%2Fwp%2Fv2%2Fmedia&parent=2593"}],"wp:term":[{"taxonomy":"category","embeddable":true,"href":"https:\/\/www.skelleftejazz.se\/index.php?rest_route=%2Fwp%2Fv2%2Fcategories&post=2593"},{"taxonomy":"post_tag","embeddable":true,"href":"https:\/\/www.skelleftejazz.se\/index.php?rest_route=%2Fwp%2Fv2%2Ftags&post=2593"}],"curies":[{"name":"wp","href":"https:\/\/api.w.org\/{rel}","templated":true}]}}