{"id":2551,"date":"2015-08-01T21:09:26","date_gmt":"2015-08-01T20:09:26","guid":{"rendered":"http:\/\/www.skelleftejazz.se\/?p=2551"},"modified":"2015-08-06T10:54:13","modified_gmt":"2015-08-06T09:54:13","slug":"torsdagsjazz-i-augusti","status":"publish","type":"post","link":"https:\/\/www.skelleftejazz.se\/?p=2551","title":{"rendered":"Torsdagsjazz i augusti"},"content":{"rendered":"<p>Som vi brukar k\u00f6r vi lite jazz p\u00e5 torsdagar i Augusti. Platsen blir (f\u00f6rhoppningsvis) b\u00e4ckravinen i Nordan\u00e5parken. S\u00e5 h\u00e4r ser programmet ut:<\/p>\n<p>Torsdag 6 aug 18:30 &#8211; <strong>Simon L\u00f6fstedt trio<\/strong>. Simon gitarr, Anders L\u00f6fgren bas och Oskar Fridolfsson trummor. &#8221;Smoth&#8221; gitarrjazz med sommarhemv\u00e4ndaren Simon<br \/>\n<strong>OBS! Lokalen blir Coasters Tj\u00e4rhovsgatan 14 <\/strong><br \/>\n<strong>OBS!\u00a0Vill man \u00e4ta en bit f\u00f6re eller under f\u00f6rest\u00e4llningen \u00e4r det rekommenderat att best\u00e4lla bord p\u00e5 0910 &#8211; 147 00<\/strong><\/p>\n<p>Torsdag 13 aug 18:30 &#8211; <strong>Chicagojazzen Arkestra<\/strong>. H\u00e5ll i hatten, h\u00e4r blir det energi!<\/p>\n<p>Torsdag 20 aug 18:30 &#8211; <strong>Anki Hedmark<\/strong> och Holmstr\u00f6m Bergner trio.<\/p>\n<p>Medvetna om att v\u00e4dret kan s\u00e4tta k\u00e4ppar i hjulen ber vi alla kolla denna sida innan konsert d\u00e5 vi h\u00e4r meddelar \u00e4ndringar och till\u00e4gg!<\/p>\n<p>Dessutom en extra torsdag:<\/p>\n<p>Torsdag 27 aug 19:00 p\u00e5 restaurang Coasters &#8211; Per \u00d6dberg trio.<br \/>\nPer \u00d6dberg &#8211; nylon- och elgitarr<br \/>\nPeter Janson &#8211; kontrabas<br \/>\nMagnus Gran &#8211; trummor<\/p>\n<p>Per \u00d6dberg \u00e4r ute p\u00e5 releaseturn\u00e9 med sin skiva\u00a0<b>Peception<\/b>\u00a0som \u00e4r den andra full\u00e4ngdaren i Per \u00d6dbergs namn.<\/p>\n<p>En bra id\u00e9 \u00e4r att best\u00e4lla bord p\u00e5 tel\u00a00910 \u2013 147 00 och ta en bit mat eller n\u00e5got innan musiken b\u00f6rjar!<\/p>\n","protected":false},"excerpt":{"rendered":"<p>Som vi brukar k\u00f6r vi lite jazz p\u00e5 torsdagar i Augusti. Platsen blir (f\u00f6rhoppningsvis) b\u00e4ckravinen i Nordan\u00e5parken. S\u00e5 h\u00e4r ser programmet ut: Torsdag 6 aug 18:30 &#8211; Simon L\u00f6fstedt trio. Simon gitarr, Anders L\u00f6fgren bas och Oskar Fridolfsson trummor. &#8221;Smoth&#8221; gitarrjazz med sommarhemv\u00e4ndaren Simon OBS! Lokalen blir Coasters Tj\u00e4rhovsgatan 14 OBS!\u00a0Vill man \u00e4ta en bit&hellip; <a href=\"https:\/\/www.skelleftejazz.se\/?p=2551\" class=\"read-more\">Forts\u00e4tt l\u00e4sa Torsdagsjazz i augusti<\/a><\/p>\n","protected":false},"author":1,"featured_media":0,"comment_status":"closed","ping_status":"open","sticky":false,"template":"","format":"standard","meta":{"footnotes":""},"categories":[4],"tags":[],"class_list":["post-2551","post","type-post","status-publish","format-standard","hentry","category-uncategorized-2"],"_links":{"self":[{"href":"https:\/\/www.skelleftejazz.se\/index.php?rest_route=\/wp\/v2\/posts\/2551","targetHints":{"allow":["GET"]}}],"collection":[{"href":"https:\/\/www.skelleftejazz.se\/index.php?rest_route=\/wp\/v2\/posts"}],"about":[{"href":"https:\/\/www.skelleftejazz.se\/index.php?rest_route=\/wp\/v2\/types\/post"}],"author":[{"embeddable":true,"href":"https:\/\/www.skelleftejazz.se\/index.php?rest_route=\/wp\/v2\/users\/1"}],"replies":[{"embeddable":true,"href":"https:\/\/www.skelleftejazz.se\/index.php?rest_route=%2Fwp%2Fv2%2Fcomments&post=2551"}],"version-history":[{"count":3,"href":"https:\/\/www.skelleftejazz.se\/index.php?rest_route=\/wp\/v2\/posts\/2551\/revisions"}],"predecessor-version":[{"id":2557,"href":"https:\/\/www.skelleftejazz.se\/index.php?rest_route=\/wp\/v2\/posts\/2551\/revisions\/2557"}],"wp:attachment":[{"href":"https:\/\/www.skelleftejazz.se\/index.php?rest_route=%2Fwp%2Fv2%2Fmedia&parent=2551"}],"wp:term":[{"taxonomy":"category","embeddable":true,"href":"https:\/\/www.skelleftejazz.se\/index.php?rest_route=%2Fwp%2Fv2%2Fcategories&post=2551"},{"taxonomy":"post_tag","embeddable":true,"href":"https:\/\/www.skelleftejazz.se\/index.php?rest_route=%2Fwp%2Fv2%2Ftags&post=2551"}],"curies":[{"name":"wp","href":"https:\/\/api.w.org\/{rel}","templated":true}]}}