{"id":2532,"date":"2015-06-17T10:25:23","date_gmt":"2015-06-17T09:25:23","guid":{"rendered":"http:\/\/www.skelleftejazz.se\/?p=2532"},"modified":"2015-06-17T10:26:16","modified_gmt":"2015-06-17T09:26:16","slug":"lediga-daga-i-sommar","status":"publish","type":"post","link":"https:\/\/www.skelleftejazz.se\/?p=2532","title":{"rendered":"Lediga dagar i sommar?"},"content":{"rendered":"<p>Kan inte l\u00e5ta bli att tipsa om Bangen som fyller 25 \u00e5r i \u00e5r. 24-28 juni 2015<br \/>\nSuperbra program. Kolla!<\/p>\n<p><a href=\"http:\/\/www.bangen.se\/program.php\" target=\"_blank\">http:\/\/www.bangen.se\/program.php<\/a><\/p>\n","protected":false},"excerpt":{"rendered":"<p>Kan inte l\u00e5ta bli att tipsa om Bangen som fyller 25 \u00e5r i \u00e5r. 24-28 juni 2015 Superbra program. Kolla! http:\/\/www.bangen.se\/program.php<\/p>\n","protected":false},"author":1,"featured_media":0,"comment_status":"closed","ping_status":"open","sticky":false,"template":"","format":"standard","meta":{"footnotes":""},"categories":[4],"tags":[],"class_list":["post-2532","post","type-post","status-publish","format-standard","hentry","category-uncategorized-2"],"_links":{"self":[{"href":"https:\/\/www.skelleftejazz.se\/index.php?rest_route=\/wp\/v2\/posts\/2532","targetHints":{"allow":["GET"]}}],"collection":[{"href":"https:\/\/www.skelleftejazz.se\/index.php?rest_route=\/wp\/v2\/posts"}],"about":[{"href":"https:\/\/www.skelleftejazz.se\/index.php?rest_route=\/wp\/v2\/types\/post"}],"author":[{"embeddable":true,"href":"https:\/\/www.skelleftejazz.se\/index.php?rest_route=\/wp\/v2\/users\/1"}],"replies":[{"embeddable":true,"href":"https:\/\/www.skelleftejazz.se\/index.php?rest_route=%2Fwp%2Fv2%2Fcomments&post=2532"}],"version-history":[{"count":2,"href":"https:\/\/www.skelleftejazz.se\/index.php?rest_route=\/wp\/v2\/posts\/2532\/revisions"}],"predecessor-version":[{"id":2534,"href":"https:\/\/www.skelleftejazz.se\/index.php?rest_route=\/wp\/v2\/posts\/2532\/revisions\/2534"}],"wp:attachment":[{"href":"https:\/\/www.skelleftejazz.se\/index.php?rest_route=%2Fwp%2Fv2%2Fmedia&parent=2532"}],"wp:term":[{"taxonomy":"category","embeddable":true,"href":"https:\/\/www.skelleftejazz.se\/index.php?rest_route=%2Fwp%2Fv2%2Fcategories&post=2532"},{"taxonomy":"post_tag","embeddable":true,"href":"https:\/\/www.skelleftejazz.se\/index.php?rest_route=%2Fwp%2Fv2%2Ftags&post=2532"}],"curies":[{"name":"wp","href":"https:\/\/api.w.org\/{rel}","templated":true}]}}