{"id":2490,"date":"2015-03-30T10:37:06","date_gmt":"2015-03-30T09:37:06","guid":{"rendered":"http:\/\/www.skelleftejazz.se\/?p=2490"},"modified":"2015-03-30T10:37:06","modified_gmt":"2015-03-30T09:37:06","slug":"lordag-11-april-1300-alvy-varens-sista-kafe-wihlborg-jazzband","status":"publish","type":"post","link":"https:\/\/www.skelleftejazz.se\/?p=2490","title":{"rendered":"L\u00f6rdag 11 april 13:00 \u00c4lvy. V\u00e5rens sista kaf\u00e9.\u00a0Wihlborg jazzband"},"content":{"rendered":"<p><strong>Jan-\u00c5ke Wille Wihlborg<\/strong> plockar ihop sitt band f\u00f6r att f\u00e5 avsluta terminen p\u00e5 \u00c4lvy p\u00e5 ett v\u00e4rdigt s\u00e4tt. F\u00f6rutom Jan-\u00c5ke kapellm\u00e4stare och bas, h\u00f6r vi <strong>Magdalena Lundberg<\/strong>s\u00e5ng, <strong>Jan-Erik \u201cSunke\u201d Sundqvist<\/strong> sax, <strong>Erik Holmstr\u00f6m<\/strong> trummor, <strong>Tor Holmstr\u00f6m<\/strong> Piano och <strong>\u00c5ke \u00d6stman<\/strong> gitarr. Bandet kommer att st\u00e4nga s\u00e4songen med en sm\u00e4ll!<\/p>\n<p><a href=\"https:\/\/www.skelleftejazz.se\/wp-content\/uploads\/2013\/12\/willes.jpg\"><img loading=\"lazy\" decoding=\"async\" class=\" size-full wp-image-2113 aligncenter\" src=\"https:\/\/www.skelleftejazz.se\/wp-content\/uploads\/2013\/12\/willes.jpg\" alt=\"willes\" width=\"386\" height=\"395\" srcset=\"https:\/\/www.skelleftejazz.se\/wp-content\/uploads\/2013\/12\/willes.jpg 386w, https:\/\/www.skelleftejazz.se\/wp-content\/uploads\/2013\/12\/willes-293x300.jpg 293w\" sizes=\"auto, (max-width: 386px) 100vw, 386px\" \/><\/a><\/p>\n","protected":false},"excerpt":{"rendered":"<p>Jan-\u00c5ke Wille Wihlborg plockar ihop sitt band f\u00f6r att f\u00e5 avsluta terminen p\u00e5 \u00c4lvy p\u00e5 ett v\u00e4rdigt s\u00e4tt. F\u00f6rutom Jan-\u00c5ke kapellm\u00e4stare och bas, h\u00f6r vi Magdalena Lundbergs\u00e5ng, Jan-Erik \u201cSunke\u201d Sundqvist sax, Erik Holmstr\u00f6m trummor, Tor Holmstr\u00f6m Piano och \u00c5ke \u00d6stman gitarr. Bandet kommer att st\u00e4nga s\u00e4songen med en sm\u00e4ll!<\/p>\n","protected":false},"author":1,"featured_media":0,"comment_status":"closed","ping_status":"open","sticky":false,"template":"","format":"standard","meta":{"footnotes":""},"categories":[4],"tags":[],"class_list":["post-2490","post","type-post","status-publish","format-standard","hentry","category-uncategorized-2"],"_links":{"self":[{"href":"https:\/\/www.skelleftejazz.se\/index.php?rest_route=\/wp\/v2\/posts\/2490","targetHints":{"allow":["GET"]}}],"collection":[{"href":"https:\/\/www.skelleftejazz.se\/index.php?rest_route=\/wp\/v2\/posts"}],"about":[{"href":"https:\/\/www.skelleftejazz.se\/index.php?rest_route=\/wp\/v2\/types\/post"}],"author":[{"embeddable":true,"href":"https:\/\/www.skelleftejazz.se\/index.php?rest_route=\/wp\/v2\/users\/1"}],"replies":[{"embeddable":true,"href":"https:\/\/www.skelleftejazz.se\/index.php?rest_route=%2Fwp%2Fv2%2Fcomments&post=2490"}],"version-history":[{"count":1,"href":"https:\/\/www.skelleftejazz.se\/index.php?rest_route=\/wp\/v2\/posts\/2490\/revisions"}],"predecessor-version":[{"id":2491,"href":"https:\/\/www.skelleftejazz.se\/index.php?rest_route=\/wp\/v2\/posts\/2490\/revisions\/2491"}],"wp:attachment":[{"href":"https:\/\/www.skelleftejazz.se\/index.php?rest_route=%2Fwp%2Fv2%2Fmedia&parent=2490"}],"wp:term":[{"taxonomy":"category","embeddable":true,"href":"https:\/\/www.skelleftejazz.se\/index.php?rest_route=%2Fwp%2Fv2%2Fcategories&post=2490"},{"taxonomy":"post_tag","embeddable":true,"href":"https:\/\/www.skelleftejazz.se\/index.php?rest_route=%2Fwp%2Fv2%2Ftags&post=2490"}],"curies":[{"name":"wp","href":"https:\/\/api.w.org\/{rel}","templated":true}]}}