{"id":2483,"date":"2015-03-20T20:26:14","date_gmt":"2015-03-20T19:26:14","guid":{"rendered":"http:\/\/www.skelleftejazz.se\/?p=2483"},"modified":"2015-03-20T20:26:14","modified_gmt":"2015-03-20T19:26:14","slug":"sondag-22-mars-1800-nordanateatern-skelleftea-big-band-moter-peter-getz","status":"publish","type":"post","link":"https:\/\/www.skelleftejazz.se\/?p=2483","title":{"rendered":"S\u00f6ndag 22 mars 18:00 Nordan\u00e5teatern. Skellefte\u00e5 Big Band m\u00f6ter Peter Getz."},"content":{"rendered":"<h2><\/h2>\n<p><a href=\"https:\/\/www.skelleftejazz.se\/wp-content\/uploads\/2015\/01\/IMG_2112.jpg\"><img loading=\"lazy\" decoding=\"async\" class=\"wp-image-2403 size-medium\" src=\"https:\/\/www.skelleftejazz.se\/wp-content\/uploads\/2015\/01\/IMG_2112-250x300.jpg\" alt=\"Fr\u00e5n bes\u00f6ket p\u00e5 \u00c4lvy\" width=\"250\" height=\"300\" srcset=\"https:\/\/www.skelleftejazz.se\/wp-content\/uploads\/2015\/01\/IMG_2112-250x300.jpg 250w, https:\/\/www.skelleftejazz.se\/wp-content\/uploads\/2015\/01\/IMG_2112-854x1024.jpg 854w\" sizes=\"auto, (max-width: 250px) 100vw, 250px\" \/><\/a><\/p>\n<p>Peter Getz bes\u00f6kte ju oss f\u00f6r en tid sedan vid ett bejublat jazzkaf\u00e9 tillsammans med Stockholm Jazz Trio.<\/p>\n<p>Peter visade sig vara lika god s\u00e5ngare som estrad\u00f6r med en l\u00e5ng rad roliga historier och anekdoter som fick krydda f\u00f6rest\u00e4llningen.<\/p>\n<p>Nu kommer Peter som g\u00e4st i Skellefte\u00e5 Big Band. Som vanligt leds bandet av \u00c5sa Granlund Jonsson.<\/p>\n<p>F\u00f6rk\u00f6p kan g\u00f6ras p\u00e5 turistbyr\u00e5n<br \/>\nTfn\u00a00910-45 25 15<br \/>\neller p\u00e5 Ticnet\u00a0<a href=\"http:\/\/www.ticnet.se\/\" target=\"_blank\">http:\/\/www.ticnet.se\/<\/a><\/p>\n","protected":false},"excerpt":{"rendered":"<p>Peter Getz bes\u00f6kte ju oss f\u00f6r en tid sedan vid ett bejublat jazzkaf\u00e9 tillsammans med Stockholm Jazz Trio. Peter visade sig vara lika god s\u00e5ngare som estrad\u00f6r med en l\u00e5ng rad roliga historier och anekdoter som fick krydda f\u00f6rest\u00e4llningen. Nu kommer Peter som g\u00e4st i Skellefte\u00e5 Big Band. Som vanligt leds bandet av \u00c5sa Granlund&hellip; <a href=\"https:\/\/www.skelleftejazz.se\/?p=2483\" class=\"read-more\">Forts\u00e4tt l\u00e4sa S\u00f6ndag 22 mars 18:00 Nordan\u00e5teatern. Skellefte\u00e5 Big Band m\u00f6ter Peter Getz.<\/a><\/p>\n","protected":false},"author":1,"featured_media":0,"comment_status":"closed","ping_status":"open","sticky":false,"template":"","format":"standard","meta":{"footnotes":""},"categories":[4],"tags":[],"class_list":["post-2483","post","type-post","status-publish","format-standard","hentry","category-uncategorized-2"],"_links":{"self":[{"href":"https:\/\/www.skelleftejazz.se\/index.php?rest_route=\/wp\/v2\/posts\/2483","targetHints":{"allow":["GET"]}}],"collection":[{"href":"https:\/\/www.skelleftejazz.se\/index.php?rest_route=\/wp\/v2\/posts"}],"about":[{"href":"https:\/\/www.skelleftejazz.se\/index.php?rest_route=\/wp\/v2\/types\/post"}],"author":[{"embeddable":true,"href":"https:\/\/www.skelleftejazz.se\/index.php?rest_route=\/wp\/v2\/users\/1"}],"replies":[{"embeddable":true,"href":"https:\/\/www.skelleftejazz.se\/index.php?rest_route=%2Fwp%2Fv2%2Fcomments&post=2483"}],"version-history":[{"count":1,"href":"https:\/\/www.skelleftejazz.se\/index.php?rest_route=\/wp\/v2\/posts\/2483\/revisions"}],"predecessor-version":[{"id":2484,"href":"https:\/\/www.skelleftejazz.se\/index.php?rest_route=\/wp\/v2\/posts\/2483\/revisions\/2484"}],"wp:attachment":[{"href":"https:\/\/www.skelleftejazz.se\/index.php?rest_route=%2Fwp%2Fv2%2Fmedia&parent=2483"}],"wp:term":[{"taxonomy":"category","embeddable":true,"href":"https:\/\/www.skelleftejazz.se\/index.php?rest_route=%2Fwp%2Fv2%2Fcategories&post=2483"},{"taxonomy":"post_tag","embeddable":true,"href":"https:\/\/www.skelleftejazz.se\/index.php?rest_route=%2Fwp%2Fv2%2Ftags&post=2483"}],"curies":[{"name":"wp","href":"https:\/\/api.w.org\/{rel}","templated":true}]}}