{"id":2480,"date":"2015-03-08T20:11:44","date_gmt":"2015-03-08T19:11:44","guid":{"rendered":"http:\/\/www.skelleftejazz.se\/?p=2480"},"modified":"2015-03-08T20:11:44","modified_gmt":"2015-03-08T19:11:44","slug":"lordag-14-mars-1300-alvy-jazzkafe-med-le-jazz-cool","status":"publish","type":"post","link":"https:\/\/www.skelleftejazz.se\/?p=2480","title":{"rendered":"L\u00f6rdag 14 mars 13:00 \u00c4lvy. Jazzkaf\u00e9 med Le Jazz Cool"},"content":{"rendered":"<p><strong><a href=\"https:\/\/www.skelleftejazz.se\/wp-content\/uploads\/2015\/01\/ljc.jpg\"><img loading=\"lazy\" decoding=\"async\" class=\"alignright size-full wp-image-2404\" src=\"https:\/\/www.skelleftejazz.se\/wp-content\/uploads\/2015\/01\/ljc.jpg\" alt=\"Le Jazz Cool\" width=\"239\" height=\"168\" \/><\/a><\/strong><strong>Ulf Ad\u00e5ker\u00a0<\/strong>trumpet<strong>,\u00a0<strong>Krister Andersson<\/strong>\u00a0<\/strong>tenorsax<strong>,\u00a0<strong>Daniel Tilling<\/strong>\u00a0<\/strong>p\u00e5 piano,<strong>\u00a0<strong>Filip Augustsson\u00a0<\/strong><\/strong>p\u00e5 bas och<strong>\u00a0<b>Rasmus Blixt<\/b>\u00a0<\/strong>bakom trummorna.\u00a0Det kvintetten bjuder p\u00e5 \u00e4r renodlad jazz med r\u00f6tterna i vad som ibland brukar kallas f\u00f6r postmodern bop. Allts\u00e5 det gyllene jazzdecenniet 1959-69. Kr\u00e4set valda standardl\u00e5tar i egna arrangemang men ocks\u00e5 egna kompositioner av bandets frontfigur Ulf Ad\u00e5ker. Ulf Ad\u00e5ker \u00e4r en trumpetare av v\u00e4rldsklass\u2026 f\u00f6r att inte tala om Krister Andersson vad g\u00e4ller saxofons!<\/p>\n<p>Bert Levins stipendium om 75000.- delades i \u00e5r ut till Ulf Ad\u00e5ker<\/p>\n","protected":false},"excerpt":{"rendered":"<p>Ulf Ad\u00e5ker\u00a0trumpet,\u00a0Krister Andersson\u00a0tenorsax,\u00a0Daniel Tilling\u00a0p\u00e5 piano,\u00a0Filip Augustsson\u00a0p\u00e5 bas och\u00a0Rasmus Blixt\u00a0bakom trummorna.\u00a0Det kvintetten bjuder p\u00e5 \u00e4r renodlad jazz med r\u00f6tterna i vad som ibland brukar kallas f\u00f6r postmodern bop. Allts\u00e5 det gyllene jazzdecenniet 1959-69. Kr\u00e4set valda standardl\u00e5tar i egna arrangemang men ocks\u00e5 egna kompositioner av bandets frontfigur Ulf Ad\u00e5ker. Ulf Ad\u00e5ker \u00e4r en trumpetare av v\u00e4rldsklass\u2026 f\u00f6r&hellip; <a href=\"https:\/\/www.skelleftejazz.se\/?p=2480\" class=\"read-more\">Forts\u00e4tt l\u00e4sa L\u00f6rdag 14 mars 13:00 \u00c4lvy. Jazzkaf\u00e9 med Le Jazz Cool<\/a><\/p>\n","protected":false},"author":1,"featured_media":0,"comment_status":"closed","ping_status":"open","sticky":false,"template":"","format":"standard","meta":{"footnotes":""},"categories":[4],"tags":[],"class_list":["post-2480","post","type-post","status-publish","format-standard","hentry","category-uncategorized-2"],"_links":{"self":[{"href":"https:\/\/www.skelleftejazz.se\/index.php?rest_route=\/wp\/v2\/posts\/2480","targetHints":{"allow":["GET"]}}],"collection":[{"href":"https:\/\/www.skelleftejazz.se\/index.php?rest_route=\/wp\/v2\/posts"}],"about":[{"href":"https:\/\/www.skelleftejazz.se\/index.php?rest_route=\/wp\/v2\/types\/post"}],"author":[{"embeddable":true,"href":"https:\/\/www.skelleftejazz.se\/index.php?rest_route=\/wp\/v2\/users\/1"}],"replies":[{"embeddable":true,"href":"https:\/\/www.skelleftejazz.se\/index.php?rest_route=%2Fwp%2Fv2%2Fcomments&post=2480"}],"version-history":[{"count":1,"href":"https:\/\/www.skelleftejazz.se\/index.php?rest_route=\/wp\/v2\/posts\/2480\/revisions"}],"predecessor-version":[{"id":2481,"href":"https:\/\/www.skelleftejazz.se\/index.php?rest_route=\/wp\/v2\/posts\/2480\/revisions\/2481"}],"wp:attachment":[{"href":"https:\/\/www.skelleftejazz.se\/index.php?rest_route=%2Fwp%2Fv2%2Fmedia&parent=2480"}],"wp:term":[{"taxonomy":"category","embeddable":true,"href":"https:\/\/www.skelleftejazz.se\/index.php?rest_route=%2Fwp%2Fv2%2Fcategories&post=2480"},{"taxonomy":"post_tag","embeddable":true,"href":"https:\/\/www.skelleftejazz.se\/index.php?rest_route=%2Fwp%2Fv2%2Ftags&post=2480"}],"curies":[{"name":"wp","href":"https:\/\/api.w.org\/{rel}","templated":true}]}}