{"id":2464,"date":"2015-02-23T10:57:42","date_gmt":"2015-02-23T09:57:42","guid":{"rendered":"http:\/\/www.skelleftejazz.se\/?p=2464"},"modified":"2015-02-23T17:19:36","modified_gmt":"2015-02-23T16:19:36","slug":"lordag-28-feb-1300-alvy-elevkonsert","status":"publish","type":"post","link":"https:\/\/www.skelleftejazz.se\/?p=2464","title":{"rendered":"L\u00f6rdag 28 feb 13:00 \u00c4lvy. Elevkonsert."},"content":{"rendered":"<p>Bes\u00f6k av elever fr\u00e5n musikh\u00f6gskolan i Pite\u00e5\u00a0som formar en sextett med s\u00e5ng, sax, piano, gitarr, bas och trummor. Det blir s\u00e4kert som vanligt b\u00e5de kompetenta och unga musiker. Vi \u00e4r glada att kunna hj\u00e4lpa till med en spelplats f\u00f6r v\u00e5ra framtida musiker.<\/p>\n","protected":false},"excerpt":{"rendered":"<p>Bes\u00f6k av elever fr\u00e5n musikh\u00f6gskolan i Pite\u00e5\u00a0som formar en sextett med s\u00e5ng, sax, piano, gitarr, bas och trummor. Det blir s\u00e4kert som vanligt b\u00e5de kompetenta och unga musiker. Vi \u00e4r glada att kunna hj\u00e4lpa till med en spelplats f\u00f6r v\u00e5ra framtida musiker.<\/p>\n","protected":false},"author":1,"featured_media":0,"comment_status":"closed","ping_status":"open","sticky":false,"template":"","format":"standard","meta":{"footnotes":""},"categories":[4],"tags":[],"class_list":["post-2464","post","type-post","status-publish","format-standard","hentry","category-uncategorized-2"],"_links":{"self":[{"href":"https:\/\/www.skelleftejazz.se\/index.php?rest_route=\/wp\/v2\/posts\/2464","targetHints":{"allow":["GET"]}}],"collection":[{"href":"https:\/\/www.skelleftejazz.se\/index.php?rest_route=\/wp\/v2\/posts"}],"about":[{"href":"https:\/\/www.skelleftejazz.se\/index.php?rest_route=\/wp\/v2\/types\/post"}],"author":[{"embeddable":true,"href":"https:\/\/www.skelleftejazz.se\/index.php?rest_route=\/wp\/v2\/users\/1"}],"replies":[{"embeddable":true,"href":"https:\/\/www.skelleftejazz.se\/index.php?rest_route=%2Fwp%2Fv2%2Fcomments&post=2464"}],"version-history":[{"count":4,"href":"https:\/\/www.skelleftejazz.se\/index.php?rest_route=\/wp\/v2\/posts\/2464\/revisions"}],"predecessor-version":[{"id":2468,"href":"https:\/\/www.skelleftejazz.se\/index.php?rest_route=\/wp\/v2\/posts\/2464\/revisions\/2468"}],"wp:attachment":[{"href":"https:\/\/www.skelleftejazz.se\/index.php?rest_route=%2Fwp%2Fv2%2Fmedia&parent=2464"}],"wp:term":[{"taxonomy":"category","embeddable":true,"href":"https:\/\/www.skelleftejazz.se\/index.php?rest_route=%2Fwp%2Fv2%2Fcategories&post=2464"},{"taxonomy":"post_tag","embeddable":true,"href":"https:\/\/www.skelleftejazz.se\/index.php?rest_route=%2Fwp%2Fv2%2Ftags&post=2464"}],"curies":[{"name":"wp","href":"https:\/\/api.w.org\/{rel}","templated":true}]}}