{"id":2459,"date":"2015-02-15T23:36:16","date_gmt":"2015-02-15T22:36:16","guid":{"rendered":"http:\/\/www.skelleftejazz.se\/?p=2459"},"modified":"2015-02-15T23:40:10","modified_gmt":"2015-02-15T22:40:10","slug":"lordag-21-feb-1300-alvy-holmstrombergner-trio","status":"publish","type":"post","link":"https:\/\/www.skelleftejazz.se\/?p=2459","title":{"rendered":"L\u00f6rdag 21 feb 13:00 \u00c4lvy. Holmstr\u00f6m\/Bergner trio"},"content":{"rendered":"<h2><strong><a href=\"https:\/\/www.skelleftejazz.se\/wp-content\/uploads\/2015\/01\/AIK.jpg\"><img loading=\"lazy\" decoding=\"async\" class=\"alignleft wp-image-2434 size-medium\" src=\"https:\/\/www.skelleftejazz.se\/wp-content\/uploads\/2015\/01\/AIK-300x245.jpg\" alt=\"AIK\" width=\"300\" height=\"245\" \/><\/a>Holmstr\u00f6m\/Bergner trio. Gamla v\u00e4lk\u00e4nda jazzr\u00e4var som sl\u00e5r till igen!<\/strong><\/h2>\n<p>Med g\u00e4sterna<strong> Peter Fj\u00e4llstr\u00f6m och Susanne Nordin <\/strong>kommer det att bli en fin eftermiddag. Alla i bandet \u00e4r trogna AIK-are och v\u00e4lk\u00e4nda p\u00e5 v\u00e5rat kaf\u00e9. Vid pianot <strong>Tor Holmstr\u00f6m<\/strong> som vanligt och bakom trummorna <strong>Erik Holmstr\u00f6m<\/strong> och p\u00e5 basen h\u00e4nger som vanligt (k\u00e4nd fr\u00e5n radio och TV faktiskt) \u00a0<strong>Magnus Bergner<\/strong>.<\/p>\n","protected":false},"excerpt":{"rendered":"<p>Holmstr\u00f6m\/Bergner trio. Gamla v\u00e4lk\u00e4nda jazzr\u00e4var som sl\u00e5r till igen! Med g\u00e4sterna Peter Fj\u00e4llstr\u00f6m och Susanne Nordin kommer det att bli en fin eftermiddag. Alla i bandet \u00e4r trogna AIK-are och v\u00e4lk\u00e4nda p\u00e5 v\u00e5rat kaf\u00e9. Vid pianot Tor Holmstr\u00f6m som vanligt och bakom trummorna Erik Holmstr\u00f6m och p\u00e5 basen h\u00e4nger som vanligt (k\u00e4nd fr\u00e5n radio och&hellip; <a href=\"https:\/\/www.skelleftejazz.se\/?p=2459\" class=\"read-more\">Forts\u00e4tt l\u00e4sa L\u00f6rdag 21 feb 13:00 \u00c4lvy. Holmstr\u00f6m\/Bergner trio<\/a><\/p>\n","protected":false},"author":1,"featured_media":0,"comment_status":"closed","ping_status":"open","sticky":false,"template":"","format":"standard","meta":{"footnotes":""},"categories":[4],"tags":[],"class_list":["post-2459","post","type-post","status-publish","format-standard","hentry","category-uncategorized-2"],"_links":{"self":[{"href":"https:\/\/www.skelleftejazz.se\/index.php?rest_route=\/wp\/v2\/posts\/2459","targetHints":{"allow":["GET"]}}],"collection":[{"href":"https:\/\/www.skelleftejazz.se\/index.php?rest_route=\/wp\/v2\/posts"}],"about":[{"href":"https:\/\/www.skelleftejazz.se\/index.php?rest_route=\/wp\/v2\/types\/post"}],"author":[{"embeddable":true,"href":"https:\/\/www.skelleftejazz.se\/index.php?rest_route=\/wp\/v2\/users\/1"}],"replies":[{"embeddable":true,"href":"https:\/\/www.skelleftejazz.se\/index.php?rest_route=%2Fwp%2Fv2%2Fcomments&post=2459"}],"version-history":[{"count":2,"href":"https:\/\/www.skelleftejazz.se\/index.php?rest_route=\/wp\/v2\/posts\/2459\/revisions"}],"predecessor-version":[{"id":2461,"href":"https:\/\/www.skelleftejazz.se\/index.php?rest_route=\/wp\/v2\/posts\/2459\/revisions\/2461"}],"wp:attachment":[{"href":"https:\/\/www.skelleftejazz.se\/index.php?rest_route=%2Fwp%2Fv2%2Fmedia&parent=2459"}],"wp:term":[{"taxonomy":"category","embeddable":true,"href":"https:\/\/www.skelleftejazz.se\/index.php?rest_route=%2Fwp%2Fv2%2Fcategories&post=2459"},{"taxonomy":"post_tag","embeddable":true,"href":"https:\/\/www.skelleftejazz.se\/index.php?rest_route=%2Fwp%2Fv2%2Ftags&post=2459"}],"curies":[{"name":"wp","href":"https:\/\/api.w.org\/{rel}","templated":true}]}}