{"id":1361,"date":"2011-11-24T20:54:25","date_gmt":"2011-11-24T19:54:25","guid":{"rendered":"http:\/\/www.skelleftejazz.se\/?p=1361"},"modified":"2011-11-24T20:54:25","modified_gmt":"2011-11-24T19:54:25","slug":"storband-pa-alvy","status":"publish","type":"post","link":"https:\/\/www.skelleftejazz.se\/?p=1361","title":{"rendered":"Storband p\u00e5 \u00c4lvy!"},"content":{"rendered":"<p>P\u00e5 l\u00f6rdag 26 november kl 13.00 spelar Skellefte\u00e5 Big Band p\u00e5 \u00c4lvy. Storband \u00e4r som vi tidigare sagt s\u00e4kra kort. Basie och Ellington kan vi hoppas p\u00e5 och sedan sjunger b\u00e5de Ulrika Lundmark och Tayfun Sagesen. V\u00e4lkomna!<\/p>\n","protected":false},"excerpt":{"rendered":"<p>P\u00e5 l\u00f6rdag 26 november kl 13.00 spelar Skellefte\u00e5 Big Band p\u00e5 \u00c4lvy. Storband \u00e4r som vi tidigare sagt s\u00e4kra kort. Basie och Ellington kan vi hoppas p\u00e5 och sedan sjunger b\u00e5de Ulrika Lundmark och Tayfun Sagesen. V\u00e4lkomna!<\/p>\n","protected":false},"author":1,"featured_media":0,"comment_status":"closed","ping_status":"closed","sticky":false,"template":"","format":"standard","meta":{"footnotes":""},"categories":[4],"tags":[],"class_list":["post-1361","post","type-post","status-publish","format-standard","hentry","category-uncategorized-2"],"_links":{"self":[{"href":"https:\/\/www.skelleftejazz.se\/index.php?rest_route=\/wp\/v2\/posts\/1361","targetHints":{"allow":["GET"]}}],"collection":[{"href":"https:\/\/www.skelleftejazz.se\/index.php?rest_route=\/wp\/v2\/posts"}],"about":[{"href":"https:\/\/www.skelleftejazz.se\/index.php?rest_route=\/wp\/v2\/types\/post"}],"author":[{"embeddable":true,"href":"https:\/\/www.skelleftejazz.se\/index.php?rest_route=\/wp\/v2\/users\/1"}],"replies":[{"embeddable":true,"href":"https:\/\/www.skelleftejazz.se\/index.php?rest_route=%2Fwp%2Fv2%2Fcomments&post=1361"}],"version-history":[{"count":1,"href":"https:\/\/www.skelleftejazz.se\/index.php?rest_route=\/wp\/v2\/posts\/1361\/revisions"}],"predecessor-version":[{"id":1362,"href":"https:\/\/www.skelleftejazz.se\/index.php?rest_route=\/wp\/v2\/posts\/1361\/revisions\/1362"}],"wp:attachment":[{"href":"https:\/\/www.skelleftejazz.se\/index.php?rest_route=%2Fwp%2Fv2%2Fmedia&parent=1361"}],"wp:term":[{"taxonomy":"category","embeddable":true,"href":"https:\/\/www.skelleftejazz.se\/index.php?rest_route=%2Fwp%2Fv2%2Fcategories&post=1361"},{"taxonomy":"post_tag","embeddable":true,"href":"https:\/\/www.skelleftejazz.se\/index.php?rest_route=%2Fwp%2Fv2%2Ftags&post=1361"}],"curies":[{"name":"wp","href":"https:\/\/api.w.org\/{rel}","templated":true}]}}