{"id":1353,"date":"2011-10-29T20:11:37","date_gmt":"2011-10-29T19:11:37","guid":{"rendered":"http:\/\/www.skelleftejazz.se\/?p=1353"},"modified":"2011-10-29T20:13:54","modified_gmt":"2011-10-29T19:13:54","slug":"14-dagars-uppehall-men-sedan","status":"publish","type":"post","link":"https:\/\/www.skelleftejazz.se\/?p=1353","title":{"rendered":"14 dagars uppeh\u00e5ll MEN SEDAN:"},"content":{"rendered":"<p><strong>L\u00f6rdag 12 november 13:00, Jazzkaf\u00e9 \u00c4lvy. Peter Asplund och Margareta Bengtson<\/strong><\/p>\n<div id=\"attachment_1216\"><a href=\"https:\/\/www.skelleftejazz.se\/wp-content\/uploads\/2011\/08\/01_peterasplund.jpg\"><img loading=\"lazy\" decoding=\"async\" class=\"alignleft\" title=\"01_peterasplund\" src=\"https:\/\/www.skelleftejazz.se\/wp-content\/uploads\/2011\/08\/01_peterasplund-199x300.jpg\" alt=\"\" width=\"179\" height=\"270\" \/><\/a>Peter Asplund<\/p>\n<\/div>\n<p>Trumpetaren\u00a0Peter Asplund p\u00e5 turn\u00e9 tillsammans med s\u00e5ngerskan Margareta Bengtson.<\/p>\n<div id=\"attachment_1217\"><a href=\"https:\/\/www.skelleftejazz.se\/wp-content\/uploads\/2011\/08\/margareta-ny-pressbild.jpg\"><img loading=\"lazy\" decoding=\"async\" title=\"margareta ny pressbild\" src=\"https:\/\/www.skelleftejazz.se\/wp-content\/uploads\/2011\/08\/margareta-ny-pressbild-200x300.jpg\" alt=\"\" width=\"160\" height=\"240\" \/><\/a>Margareta Bengtsson<\/p>\n<\/div>\n<p>Kompet \u00e4r en trio best\u00e5ende av pianisten Adam Forkelid, basisten Hans Andersson och trumslagaren Johan L\u00f6fcrantz Ramsay. Som ni kanske kommer ih\u00e5g s\u00e5 var Margareta en av de ursprungliga medlemmarna i Real Group och Peter Asplund \u00e4r en av Sveriges absolut b\u00e4sta trumpetare.<br \/>\nPeters hemsida:\u00a0<a href=\"http:\/\/www.peterasplund.com\/\" target=\"_blank\">http:\/\/www.peterasplund.com<\/a> Margaretas hemsida\u00a0<a href=\"http:\/\/www.margaretabengtson.com\/\" target=\"_blank\">http:\/\/www.margaretabengtson.com\/<\/a><\/p>\n","protected":false},"excerpt":{"rendered":"<p>L\u00f6rdag 12 november 13:00, Jazzkaf\u00e9 \u00c4lvy. Peter Asplund och Margareta Bengtson Peter Asplund Trumpetaren\u00a0Peter Asplund p\u00e5 turn\u00e9 tillsammans med s\u00e5ngerskan Margareta Bengtson. Margareta Bengtsson Kompet \u00e4r en trio best\u00e5ende av pianisten Adam Forkelid, basisten Hans Andersson och trumslagaren Johan L\u00f6fcrantz Ramsay. Som ni kanske kommer ih\u00e5g s\u00e5 var Margareta en av de ursprungliga medlemmarna i&hellip; <a href=\"https:\/\/www.skelleftejazz.se\/?p=1353\" class=\"read-more\">Forts\u00e4tt l\u00e4sa 14 dagars uppeh\u00e5ll MEN SEDAN:<\/a><\/p>\n","protected":false},"author":1,"featured_media":0,"comment_status":"closed","ping_status":"open","sticky":false,"template":"","format":"standard","meta":{"footnotes":""},"categories":[4],"tags":[],"class_list":["post-1353","post","type-post","status-publish","format-standard","hentry","category-uncategorized-2"],"_links":{"self":[{"href":"https:\/\/www.skelleftejazz.se\/index.php?rest_route=\/wp\/v2\/posts\/1353","targetHints":{"allow":["GET"]}}],"collection":[{"href":"https:\/\/www.skelleftejazz.se\/index.php?rest_route=\/wp\/v2\/posts"}],"about":[{"href":"https:\/\/www.skelleftejazz.se\/index.php?rest_route=\/wp\/v2\/types\/post"}],"author":[{"embeddable":true,"href":"https:\/\/www.skelleftejazz.se\/index.php?rest_route=\/wp\/v2\/users\/1"}],"replies":[{"embeddable":true,"href":"https:\/\/www.skelleftejazz.se\/index.php?rest_route=%2Fwp%2Fv2%2Fcomments&post=1353"}],"version-history":[{"count":2,"href":"https:\/\/www.skelleftejazz.se\/index.php?rest_route=\/wp\/v2\/posts\/1353\/revisions"}],"predecessor-version":[{"id":1355,"href":"https:\/\/www.skelleftejazz.se\/index.php?rest_route=\/wp\/v2\/posts\/1353\/revisions\/1355"}],"wp:attachment":[{"href":"https:\/\/www.skelleftejazz.se\/index.php?rest_route=%2Fwp%2Fv2%2Fmedia&parent=1353"}],"wp:term":[{"taxonomy":"category","embeddable":true,"href":"https:\/\/www.skelleftejazz.se\/index.php?rest_route=%2Fwp%2Fv2%2Fcategories&post=1353"},{"taxonomy":"post_tag","embeddable":true,"href":"https:\/\/www.skelleftejazz.se\/index.php?rest_route=%2Fwp%2Fv2%2Ftags&post=1353"}],"curies":[{"name":"wp","href":"https:\/\/api.w.org\/{rel}","templated":true}]}}