{"id":1323,"date":"2011-10-17T15:50:05","date_gmt":"2011-10-17T14:50:05","guid":{"rendered":"http:\/\/www.skelleftejazz.se\/?p=1323"},"modified":"2011-10-17T15:54:23","modified_gmt":"2011-10-17T14:54:23","slug":"trio-katjing-pa-besok","status":"publish","type":"post","link":"https:\/\/www.skelleftejazz.se\/?p=1323","title":{"rendered":"Trio KaTjinG p\u00e5 bes\u00f6k"},"content":{"rendered":"<p><strong>L\u00f6rdag 22 oktober 13:00, Jazzkaf\u00e9 \u00c4lvy, Trio KaTjinG<\/strong><br \/>\nKicki Enqvist \u2013 S\u00e5ng, Tommy Lakso \u2013 Gitarr, Gert Dahlstr\u00f6m \u2013 Kontrabas. Ni som h\u00f6rde bandet i somras vet redan att detta \u00e4r en mycket trivsam trio som blandar visor med jazz och en och annan historia av st\u00e5-upp-karakt\u00e4r\u2026S\u00e5 h\u00e4r s\u00e5g de ut sist:<\/p>\n<figure id=\"attachment_1326\" aria-describedby=\"caption-attachment-1326\" style=\"width: 300px\" class=\"wp-caption alignleft\"><a href=\"https:\/\/www.skelleftejazz.se\/wp-content\/uploads\/2011\/10\/Trio.jpg\"><img loading=\"lazy\" decoding=\"async\" class=\"size-medium wp-image-1326 \" title=\"Trio\" src=\"https:\/\/www.skelleftejazz.se\/wp-content\/uploads\/2011\/10\/Trio-300x225.jpg\" alt=\"\" width=\"300\" height=\"225\" \/><\/a><figcaption id=\"caption-attachment-1326\" class=\"wp-caption-text\">Trio KaTjinG p\u00e5 Nordan\u00e5 v\u00e4rdshus (Foto: Veijo Laine)<\/figcaption><\/figure>\n","protected":false},"excerpt":{"rendered":"<p>L\u00f6rdag 22 oktober 13:00, Jazzkaf\u00e9 \u00c4lvy, Trio KaTjinG Kicki Enqvist \u2013 S\u00e5ng, Tommy Lakso \u2013 Gitarr, Gert Dahlstr\u00f6m \u2013 Kontrabas. Ni som h\u00f6rde bandet i somras vet redan att detta \u00e4r en mycket trivsam trio som blandar visor med jazz och en och annan historia av st\u00e5-upp-karakt\u00e4r\u2026S\u00e5 h\u00e4r s\u00e5g de ut sist:<\/p>\n","protected":false},"author":1,"featured_media":0,"comment_status":"closed","ping_status":"open","sticky":false,"template":"","format":"standard","meta":{"footnotes":""},"categories":[4],"tags":[],"class_list":["post-1323","post","type-post","status-publish","format-standard","hentry","category-uncategorized-2"],"_links":{"self":[{"href":"https:\/\/www.skelleftejazz.se\/index.php?rest_route=\/wp\/v2\/posts\/1323","targetHints":{"allow":["GET"]}}],"collection":[{"href":"https:\/\/www.skelleftejazz.se\/index.php?rest_route=\/wp\/v2\/posts"}],"about":[{"href":"https:\/\/www.skelleftejazz.se\/index.php?rest_route=\/wp\/v2\/types\/post"}],"author":[{"embeddable":true,"href":"https:\/\/www.skelleftejazz.se\/index.php?rest_route=\/wp\/v2\/users\/1"}],"replies":[{"embeddable":true,"href":"https:\/\/www.skelleftejazz.se\/index.php?rest_route=%2Fwp%2Fv2%2Fcomments&post=1323"}],"version-history":[{"count":4,"href":"https:\/\/www.skelleftejazz.se\/index.php?rest_route=\/wp\/v2\/posts\/1323\/revisions"}],"predecessor-version":[{"id":1325,"href":"https:\/\/www.skelleftejazz.se\/index.php?rest_route=\/wp\/v2\/posts\/1323\/revisions\/1325"}],"wp:attachment":[{"href":"https:\/\/www.skelleftejazz.se\/index.php?rest_route=%2Fwp%2Fv2%2Fmedia&parent=1323"}],"wp:term":[{"taxonomy":"category","embeddable":true,"href":"https:\/\/www.skelleftejazz.se\/index.php?rest_route=%2Fwp%2Fv2%2Fcategories&post=1323"},{"taxonomy":"post_tag","embeddable":true,"href":"https:\/\/www.skelleftejazz.se\/index.php?rest_route=%2Fwp%2Fv2%2Ftags&post=1323"}],"curies":[{"name":"wp","href":"https:\/\/api.w.org\/{rel}","templated":true}]}}