{"id":1313,"date":"2011-10-09T12:01:12","date_gmt":"2011-10-09T11:01:12","guid":{"rendered":"http:\/\/www.skelleftejazz.se\/?p=1313"},"modified":"2011-10-11T16:15:26","modified_gmt":"2011-10-11T15:15:26","slug":"vi-kampar-pa-nasta-programpunkt","status":"publish","type":"post","link":"https:\/\/www.skelleftejazz.se\/?p=1313","title":{"rendered":"Vi k\u00e4mpar p\u00e5 &#8211; n\u00e4sta programpunkt:"},"content":{"rendered":"<p><strong>L\u00f6rdag 15 oktober 13:00, Jazzkaf\u00e9 \u00c4lvy, Staffan \u00d6bergs oktett<br \/>\n<\/strong>Det blir 50-talsjazz med det \u00e5tta man starka bandet.\u00a0Gubbarna i bandet \u00e4r: Alf Burstedt\u00a0trumpet, Lars-G\u00f6ran Uhlander altsax, Henrik Blomm\u00e9 tenorsax, Staffan \u00d6berg barytonsax, Gunnar Wald\u00e9n\u00a0trombon, Thomas Olsson piano, Sune Wiklund bas, Esbj\u00f6rn M\u00f6rtzell\u00a0trummor.<\/p>\n<p>H\u00e4r blir det antagligen en och annan Gullinl\u00e5t och annat gott fr\u00e5n den gamla goda tiden!<\/p>\n","protected":false},"excerpt":{"rendered":"<p>L\u00f6rdag 15 oktober 13:00, Jazzkaf\u00e9 \u00c4lvy, Staffan \u00d6bergs oktett Det blir 50-talsjazz med det \u00e5tta man starka bandet.\u00a0Gubbarna i bandet \u00e4r: Alf Burstedt\u00a0trumpet, Lars-G\u00f6ran Uhlander altsax, Henrik Blomm\u00e9 tenorsax, Staffan \u00d6berg barytonsax, Gunnar Wald\u00e9n\u00a0trombon, Thomas Olsson piano, Sune Wiklund bas, Esbj\u00f6rn M\u00f6rtzell\u00a0trummor. H\u00e4r blir det antagligen en och annan Gullinl\u00e5t och annat gott fr\u00e5n den&hellip; <a href=\"https:\/\/www.skelleftejazz.se\/?p=1313\" class=\"read-more\">Forts\u00e4tt l\u00e4sa Vi k\u00e4mpar p\u00e5 &#8211; n\u00e4sta programpunkt:<\/a><\/p>\n","protected":false},"author":1,"featured_media":0,"comment_status":"closed","ping_status":"open","sticky":false,"template":"","format":"standard","meta":{"footnotes":""},"categories":[4],"tags":[],"class_list":["post-1313","post","type-post","status-publish","format-standard","hentry","category-uncategorized-2"],"_links":{"self":[{"href":"https:\/\/www.skelleftejazz.se\/index.php?rest_route=\/wp\/v2\/posts\/1313","targetHints":{"allow":["GET"]}}],"collection":[{"href":"https:\/\/www.skelleftejazz.se\/index.php?rest_route=\/wp\/v2\/posts"}],"about":[{"href":"https:\/\/www.skelleftejazz.se\/index.php?rest_route=\/wp\/v2\/types\/post"}],"author":[{"embeddable":true,"href":"https:\/\/www.skelleftejazz.se\/index.php?rest_route=\/wp\/v2\/users\/1"}],"replies":[{"embeddable":true,"href":"https:\/\/www.skelleftejazz.se\/index.php?rest_route=%2Fwp%2Fv2%2Fcomments&post=1313"}],"version-history":[{"count":6,"href":"https:\/\/www.skelleftejazz.se\/index.php?rest_route=\/wp\/v2\/posts\/1313\/revisions"}],"predecessor-version":[{"id":1316,"href":"https:\/\/www.skelleftejazz.se\/index.php?rest_route=\/wp\/v2\/posts\/1313\/revisions\/1316"}],"wp:attachment":[{"href":"https:\/\/www.skelleftejazz.se\/index.php?rest_route=%2Fwp%2Fv2%2Fmedia&parent=1313"}],"wp:term":[{"taxonomy":"category","embeddable":true,"href":"https:\/\/www.skelleftejazz.se\/index.php?rest_route=%2Fwp%2Fv2%2Fcategories&post=1313"},{"taxonomy":"post_tag","embeddable":true,"href":"https:\/\/www.skelleftejazz.se\/index.php?rest_route=%2Fwp%2Fv2%2Ftags&post=1313"}],"curies":[{"name":"wp","href":"https:\/\/api.w.org\/{rel}","templated":true}]}}