{"id":1277,"date":"2011-09-26T23:22:55","date_gmt":"2011-09-26T22:22:55","guid":{"rendered":"http:\/\/www.skelleftejazz.se\/?p=1277"},"modified":"2011-09-26T23:28:23","modified_gmt":"2011-09-26T22:28:23","slug":"hektiskt-vecka","status":"publish","type":"post","link":"https:\/\/www.skelleftejazz.se\/?p=1277","title":{"rendered":"Hektiskt vecka!"},"content":{"rendered":"<p><strong>Torsdag 29 september 19:00, Nordan\u00e5teatern. Stockholm Jazz Orcestra<\/strong><\/p>\n<p><strong><strong>L\u00f6rdag 1 oktobe 13:00r, Jazzkaf\u00e9 \u00c4lvy, Mickes Combo, nu blir det dragspelsjazz!<\/strong><\/strong><\/p>\n<p>Ja det g\u00e4ller att ligga i. Ni \u00e4r alla hj\u00e4rtligt v\u00e4lkomna p\u00e5 b\u00e5da evenemangen. Stockholm Jazz Orcestra inneh\u00e5ller nog gr\u00e4ddan av den svenska jazzeliten just nu. Och lite dragspelsjazz p\u00e5 l\u00f6rdag kan vara kul. Speciellt som den f\u00e4rgstarke Roffa Lind sitter bakom trummorna och \u00c5ke Thordendal har med sin svarta altsaxofon.<\/p>\n","protected":false},"excerpt":{"rendered":"<p>Torsdag 29 september 19:00, Nordan\u00e5teatern. Stockholm Jazz Orcestra L\u00f6rdag 1 oktobe 13:00r, Jazzkaf\u00e9 \u00c4lvy, Mickes Combo, nu blir det dragspelsjazz! Ja det g\u00e4ller att ligga i. Ni \u00e4r alla hj\u00e4rtligt v\u00e4lkomna p\u00e5 b\u00e5da evenemangen. Stockholm Jazz Orcestra inneh\u00e5ller nog gr\u00e4ddan av den svenska jazzeliten just nu. Och lite dragspelsjazz p\u00e5 l\u00f6rdag kan vara kul. Speciellt&hellip; <a href=\"https:\/\/www.skelleftejazz.se\/?p=1277\" class=\"read-more\">Forts\u00e4tt l\u00e4sa Hektiskt vecka!<\/a><\/p>\n","protected":false},"author":1,"featured_media":0,"comment_status":"closed","ping_status":"closed","sticky":false,"template":"","format":"standard","meta":{"footnotes":""},"categories":[4],"tags":[],"class_list":["post-1277","post","type-post","status-publish","format-standard","hentry","category-uncategorized-2"],"_links":{"self":[{"href":"https:\/\/www.skelleftejazz.se\/index.php?rest_route=\/wp\/v2\/posts\/1277","targetHints":{"allow":["GET"]}}],"collection":[{"href":"https:\/\/www.skelleftejazz.se\/index.php?rest_route=\/wp\/v2\/posts"}],"about":[{"href":"https:\/\/www.skelleftejazz.se\/index.php?rest_route=\/wp\/v2\/types\/post"}],"author":[{"embeddable":true,"href":"https:\/\/www.skelleftejazz.se\/index.php?rest_route=\/wp\/v2\/users\/1"}],"replies":[{"embeddable":true,"href":"https:\/\/www.skelleftejazz.se\/index.php?rest_route=%2Fwp%2Fv2%2Fcomments&post=1277"}],"version-history":[{"count":4,"href":"https:\/\/www.skelleftejazz.se\/index.php?rest_route=\/wp\/v2\/posts\/1277\/revisions"}],"predecessor-version":[{"id":1280,"href":"https:\/\/www.skelleftejazz.se\/index.php?rest_route=\/wp\/v2\/posts\/1277\/revisions\/1280"}],"wp:attachment":[{"href":"https:\/\/www.skelleftejazz.se\/index.php?rest_route=%2Fwp%2Fv2%2Fmedia&parent=1277"}],"wp:term":[{"taxonomy":"category","embeddable":true,"href":"https:\/\/www.skelleftejazz.se\/index.php?rest_route=%2Fwp%2Fv2%2Fcategories&post=1277"},{"taxonomy":"post_tag","embeddable":true,"href":"https:\/\/www.skelleftejazz.se\/index.php?rest_route=%2Fwp%2Fv2%2Ftags&post=1277"}],"curies":[{"name":"wp","href":"https:\/\/api.w.org\/{rel}","templated":true}]}}